{"id":236915,"date":"2018-12-27T19:01:14","date_gmt":"2018-12-27T18:01:14","guid":{"rendered":"https:\/\/www.radioluna.it\/news\/?p=236915"},"modified":"2018-12-27T19:01:14","modified_gmt":"2018-12-27T18:01:14","slug":"dopo-luragano-ecco-il-nuovo-viale-della-vittoria-a-terracina","status":"publish","type":"post","link":"https:\/\/www.radioluna.it\/news\/2018\/12\/dopo-luragano-ecco-il-nuovo-viale-della-vittoria-a-terracina\/","title":{"rendered":"Dopo l&#8217;uragano, ecco il nuovo viale della Vittoria a Terracina"},"content":{"rendered":"<div id=\"fb-root\"><\/div>\n<p style=\"text-align: justify;\"><strong>TERRACINA &#8211;<\/strong> La giunta comunale di Terracina ha oggi licenziato una deliberazione che d\u00e0 il via ad una serie di interventi di miglioramento del verde pubblico. Si parte con la piantumazione di viale della Vittoria che, dopo l\u2019evento calamitoso del 29 ottobre scorso, sta vedendo completato il suo pieno ripristino. Saranno lecci e canfore gli alberi che disegneranno il nuovo aspetto del viale. Questi due tipi di alberi troveranno ospitalit\u00e0 all\u2019interno delle nuove aiuole (170&#215;170 cm e dotate di impianto di irrigazione) e garantiranno l\u2019apporto ambientale ed estetico che caratterizzer\u00e0 il viale della Vittoria. Sono stati scelti lecci e canfore, entrambe specie sempreverdi, plurisecolari, che non richiedono cure particolari, resistenti a freddo, siccit\u00e0, parassiti e malattie, in grado di garantire un ottimo livello di salubrit\u00e0 dell\u2019ambiente e notevole capacit\u00e0 di fonoassorbenza. Numerosi sono stati i consulti avuti con gli agronomi per giungere a questo tipo di scelta che ha tenuto conto anche dei suggerimenti che il WWF Lazio ha inoltrato nei giorni scorsi attraverso una nota, preziosa anche per il Piano per il Verde Pubblico in fase di redazione.<\/p>\n<p style=\"text-align: justify;\">Altro punto trattato nel provvedimento \u00e8 l\u2019istituzione del Parco del Riuso nella zona del Calcatore, un parco giochi caratterizzato da strutture realizzate in materiali riutilizzati, finalizzato alla promozione del riciclo presso grandi e piccoli e alla dimostrazione di come si possa aiutare l\u2019ambiente dotando i parchi pubblici di giochi divertenti, funzionali ed esteticamente gradevoli.<\/p>\n<p style=\"text-align: justify;\">Nuova vita anche per la fontana del Parco Bachelet, il cui ripristino \u00e8 stato deciso e finanziato nella stessa deliberazione. Una scelta che restituir\u00e0 finalmente dignit\u00e0 ad un elemento di arredo urbano inserito in un parco e in una zona molto popolosa al centro di Terracina.<\/p>\n<p style=\"text-align: justify;\">Un\u2019ulteriore iniziativa \u00e8 la riqualificazione della grande aiuola posta all\u2019ingresso dalla Pontina a Terracina, biglietto da visita della citt\u00e0.<\/p>\n","protected":false},"excerpt":{"rendered":"<p>TERRACINA &#8211; La giunta comunale di Terracina ha oggi licenziato una deliberazione che d\u00e0 il via ad una serie di interventi di miglioramento del verde pubblico. Si parte con la piantumazione di viale della Vittoria che, dopo l\u2019evento calamitoso del 29 ottobre scorso, sta vedendo completato il suo pieno ripristino. Saranno lecci e canfore gli [&hellip;]<\/p>\n","protected":false},"author":60,"featured_media":0,"comment_status":"open","ping_status":"open","sticky":false,"template":"","format":"standard","meta":{"footnotes":""},"categories":[8],"tags":[],"class_list":["post-236915","post","type-post","status-publish","format-standard","hentry","category-politica"],"_links":{"self":[{"href":"https:\/\/www.radioluna.it\/news\/wp-json\/wp\/v2\/posts\/236915","targetHints":{"allow":["GET"]}}],"collection":[{"href":"https:\/\/www.radioluna.it\/news\/wp-json\/wp\/v2\/posts"}],"about":[{"href":"https:\/\/www.radioluna.it\/news\/wp-json\/wp\/v2\/types\/post"}],"author":[{"embeddable":true,"href":"https:\/\/www.radioluna.it\/news\/wp-json\/wp\/v2\/users\/60"}],"replies":[{"embeddable":true,"href":"https:\/\/www.radioluna.it\/news\/wp-json\/wp\/v2\/comments?post=236915"}],"version-history":[{"count":0,"href":"https:\/\/www.radioluna.it\/news\/wp-json\/wp\/v2\/posts\/236915\/revisions"}],"wp:attachment":[{"href":"https:\/\/www.radioluna.it\/news\/wp-json\/wp\/v2\/media?parent=236915"}],"wp:term":[{"taxonomy":"category","embeddable":true,"href":"https:\/\/www.radioluna.it\/news\/wp-json\/wp\/v2\/categories?post=236915"},{"taxonomy":"post_tag","embeddable":true,"href":"https:\/\/www.radioluna.it\/news\/wp-json\/wp\/v2\/tags?post=236915"}],"curies":[{"name":"wp","href":"https:\/\/api.w.org\/{rel}","templated":true}]}}