{"id":236940,"date":"2018-12-28T08:52:11","date_gmt":"2018-12-28T07:52:11","guid":{"rendered":"https:\/\/www.radioluna.it\/news\/?p=236940"},"modified":"2018-12-28T08:52:11","modified_gmt":"2018-12-28T07:52:11","slug":"xwinter-tre-giorni-di-sport-a-latina","status":"publish","type":"post","link":"https:\/\/www.radioluna.it\/news\/2018\/12\/xwinter-tre-giorni-di-sport-a-latina\/","title":{"rendered":"XWINTER, tre giorni di sport a Latina"},"content":{"rendered":"<div id=\"fb-root\"><\/div>\n<p style=\"text-align: justify;\"><strong>LATINA<\/strong> &#8211; L&#8217;hastag \u00e8 #Latinacitt\u00e0dellosport. Lo ha lanciato l&#8217;Osservatorio per lo sport e il turismo sportivo della provincia di Latina insieme con XWinter, un megaparty diffuso, tra le strutture sportive di Latina, organizzato a per il primo fine settimana del 2019: il 3, 4 e 5 gennaio. Si potr\u00e0 provare di tutto: basket e volley, calcio, scherma, enjoy walking, tiro con l\u2019arco, acquagym, spinning, rugby, baseball e altro ancora. Tante saranno le dimostrazioni anche con triangolari e quadrangolari al Francioni, al Palazzetto, al PalaCeci, al Palaboxe, sui campi di Via dei Messapi e di Via Helsinky.\u00a0 Tutti sono invitati senza distinzioni di sesso, et\u00e0 o di abilit\u00e0. &#8220;Perch\u00e9 lo sport \u00e8 anche e soprattutto integrazione&#8221;, dice Annalisa Muzio, la professionista che ha promosso la nascita dell&#8217;Osservatorio e lo guida con l&#8217;idea di\u00a0 &#8220;riportare lo sport ad essere protagonista a Latina&#8221;.<\/p>\n<p style=\"text-align: justify;\">&#8220;Siamo felici di essere riusciti a mettere insieme una sessantina di associazioni sportive della nostra provincia che hanno deciso di unirsi per organizzare, programmare e presentare progetti che servano al rilancio sportivo del nostro territorio legato al turismo sportivo che, anche secondo gli ultimi dati economici, pu\u00f2 rappresentare un volano per il rilancio economico di Latina e della sua provincia. Accade gi\u00e0 in altre realt\u00e0, molte anche vicinissime a noi, per cui \u2013 continua la\u00a0 Presidente dell\u2019Osservatorio \u2013 \u00e8 un nostro preciso dovere gettare le basi e creare i presupposti per fare altrettanto anche a Latina\u201d.<\/p>\n<p><strong>ASCOLTA<\/strong><\/p>\n<audio class=\"wp-audio-shortcode\" id=\"audio-236940-1\" preload=\"none\" style=\"width: 100%;\" controls=\"controls\"><source type=\"audio\/mpeg\" src=\"https:\/\/www.radioluna.it\/news\/wp-content\/uploads\/2018\/12\/muzio.mp3?_=1\" \/><a href=\"https:\/\/www.radioluna.it\/news\/wp-content\/uploads\/2018\/12\/muzio.mp3\">https:\/\/www.radioluna.it\/news\/wp-content\/uploads\/2018\/12\/muzio.mp3<\/a><\/audio>\n<p style=\"text-align: justify;\">IL PROGRAMMA &#8211; La cerimonia d\u2019apertura \u00e8 in programma il 3 gennaio alle 10 al Palazzetto dello Sport, alla presenza delle istituzioni e di alcuni campioni olimpionici provenienti dal Centro Sportivo Olimpico dell\u2019Esercito. Xwinter continuer\u00e0 poi allo Stadio Francioni, il 4 anche al Palaboxe e al centro scherma di via Aspromonte; il 5 al Palatiro con l\u2019Arco, al campo di via Helsinky (per il Football), al Pala Ceci, nella piscina comunale, e all\u2019Agora Fitness e al campo di rugby di via dei Messapi.<\/p>\n<p style=\"text-align: justify;\">&#8220;Tre giorni di sport per tutte le et\u00e0 per scegliere nuove attivit\u00e0 o per indirizzare allo sport i pi\u00f9 giovani. Xwinter sar\u00e0 l\u2019occasione giusta per cimentarsi e conoscere nuove discipline sportive &#8211; dicono dall&#8217;Osservatorio &#8211;\u00a0Un grande evento che \u00e8 stato possibile organizzare grazie alla sinergia e alla collaborazione tra le varie associazioni sportive che fanno parte dell\u2019Osservatorio, ma anche dei singoli trainers che hanno deciso di mettere a disposizione le loro competenze e di alcune palestre di Latina come Agora e Il Chiodo per la concessione della piscina e di alcune attrezzature sportive&#8221;.<\/p>\n<p style=\"text-align: justify;\">\u201cUn grazie sentito anche ai numerosi sponsors che hanno deciso di sostenerci &#8211; commenta ancora l\u2019avv. Annalisa Muzio \u2013 e un grazie alla Provincia e al Comune di Latina per il loro patrocinio e a Opes e Confcommercio Lazio Sud\u201d.<\/p>\n<p style=\"text-align: justify;\">Il 3 gennaio, inoltre, al Palazzetto dello Sport per l\u2019intera giornata inugurale di Xwinter sar\u00e0 possibile avere una consulenza gratuita di un nutrizionista e di uno psicologo dello sport.<\/p>\n","protected":false},"excerpt":{"rendered":"<p>LATINA &#8211; L&#8217;hastag \u00e8 #Latinacitt\u00e0dellosport. Lo ha lanciato l&#8217;Osservatorio per lo sport e il turismo sportivo della provincia di Latina insieme con XWinter, un megaparty diffuso, tra le strutture sportive di Latina, organizzato a per il primo fine settimana del 2019: il 3, 4 e 5 gennaio. Si potr\u00e0 provare di tutto: basket e volley, [&hellip;]<\/p>\n","protected":false},"author":62,"featured_media":236942,"comment_status":"open","ping_status":"open","sticky":false,"template":"","format":"standard","meta":{"footnotes":""},"categories":[2310,17],"tags":[],"class_list":["post-236940","post","type-post","status-publish","format-standard","has-post-thumbnail","hentry","category-audio","category-sport"],"_links":{"self":[{"href":"https:\/\/www.radioluna.it\/news\/wp-json\/wp\/v2\/posts\/236940","targetHints":{"allow":["GET"]}}],"collection":[{"href":"https:\/\/www.radioluna.it\/news\/wp-json\/wp\/v2\/posts"}],"about":[{"href":"https:\/\/www.radioluna.it\/news\/wp-json\/wp\/v2\/types\/post"}],"author":[{"embeddable":true,"href":"https:\/\/www.radioluna.it\/news\/wp-json\/wp\/v2\/users\/62"}],"replies":[{"embeddable":true,"href":"https:\/\/www.radioluna.it\/news\/wp-json\/wp\/v2\/comments?post=236940"}],"version-history":[{"count":0,"href":"https:\/\/www.radioluna.it\/news\/wp-json\/wp\/v2\/posts\/236940\/revisions"}],"wp:featuredmedia":[{"embeddable":true,"href":"https:\/\/www.radioluna.it\/news\/wp-json\/wp\/v2\/media\/236942"}],"wp:attachment":[{"href":"https:\/\/www.radioluna.it\/news\/wp-json\/wp\/v2\/media?parent=236940"}],"wp:term":[{"taxonomy":"category","embeddable":true,"href":"https:\/\/www.radioluna.it\/news\/wp-json\/wp\/v2\/categories?post=236940"},{"taxonomy":"post_tag","embeddable":true,"href":"https:\/\/www.radioluna.it\/news\/wp-json\/wp\/v2\/tags?post=236940"}],"curies":[{"name":"wp","href":"https:\/\/api.w.org\/{rel}","templated":true}]}}