{"id":237094,"date":"2018-12-31T12:23:41","date_gmt":"2018-12-31T11:23:41","guid":{"rendered":"https:\/\/www.radioluna.it\/news\/?p=237094"},"modified":"2019-01-02T07:17:55","modified_gmt":"2019-01-02T06:17:55","slug":"latina-bye-bye-2018-i-fatti-principali-da-gennaio-a-dicembre","status":"publish","type":"post","link":"https:\/\/www.radioluna.it\/news\/2018\/12\/latina-bye-bye-2018-i-fatti-principali-da-gennaio-a-dicembre\/","title":{"rendered":"Latina, bye bye 2018: i fatti principali da gennaio a dicembre"},"content":{"rendered":"<div id=\"fb-root\"><\/div>\n<p style=\"text-align: justify;\"><strong>LATINA<\/strong> &#8211; Non li troverete tutti qui, i fatti del 2018, sarebbe impossibile. Ne abbiamo selezionati alcuni per\u00f2, che ci sembra significativo ricordare: la cronaca che ci ha segnato di pi\u00f9, ma anche i successi, le vittorie, i riconoscimenti. Li raccontiamo in breve, mese per mese, perch\u00e9 sono la strada che abbiamo percorso tutti insieme, durante l&#8217;anno che stiamo salutando. L&#8217;augurio per tutti \u00e8 di riuscire a contribuire con il lavoro, con l&#8217;impegno, civile o politico, con quello personale e familiare, insomma con la propria vita, alla costruzione di un futuro migliore.<\/p>\n<p style=\"text-align: justify;\"><strong>GENNAIO<\/strong> &#8211; All&#8217;alba del 1\u00b0 gennaio Latina saluta la Latina Ambiente, nasce Abc, l&#8217;Azienda per i Beni Comuni che gestir\u00e0 il servizio di raccolta rifiuti in citt\u00e0. A distanza di un anno, la differenziata spinta con il promesso &#8220;porta a porta&#8221; non sono partiti. Certamente non aiuta la mancanza di collaborazione da parte dei cittadini. Per il 2019 serve un cambio di passo da parte di entrambi.<\/p>\n<p style=\"text-align: justify;\"><strong><img loading=\"lazy\" decoding=\"async\" class=\"alignnone size-full wp-image-218023\" src=\"https:\/\/www.radioluna.it\/news\/wp-content\/uploads\/2018\/03\/Fiaccolata_corteo2_01.jpg\" alt=\"\" width=\"1800\" height=\"1013\" srcset=\"https:\/\/www.radioluna.it\/news\/wp-content\/uploads\/2018\/03\/Fiaccolata_corteo2_01.jpg 1800w, https:\/\/www.radioluna.it\/news\/wp-content\/uploads\/2018\/03\/Fiaccolata_corteo2_01-300x169.jpg 300w, https:\/\/www.radioluna.it\/news\/wp-content\/uploads\/2018\/03\/Fiaccolata_corteo2_01-768x432.jpg 768w, https:\/\/www.radioluna.it\/news\/wp-content\/uploads\/2018\/03\/Fiaccolata_corteo2_01-1024x576.jpg 1024w, https:\/\/www.radioluna.it\/news\/wp-content\/uploads\/2018\/03\/Fiaccolata_corteo2_01-500x281.jpg 500w\" sizes=\"auto, (max-width: 1800px) 100vw, 1800px\" \/>FEBBRAIO<\/strong>&#8211; Rester\u00e0 nella storia della cronaca nera la tragica fine a Cisterna di due sorelline Martina e Alessia, uccise dal pap\u00e0 carabiniere Luigi Capasso che prima spara alla moglie, e poi si barrica in casa con le figlie. Si toglier\u00e0 la vita anche lui prima dell&#8217;irruzione dei colleghi. Antonietta Gargiulo invece esce dal coma e sopravvive a tutti. La sua storia e la sua fede hanno commosso Papa Francesco che l&#8217;ha ricevuta in Vaticano.<\/p>\n<p style=\"text-align: justify;\"><strong>MARZO<\/strong> &#8211;\u00a0Valerio Catoia \u00e8 Alfiere della Repubblica. Il Presidente della Repubblica Sergio Mattarella lo premia al Quirinale: la sua storia \u00e8 nella sezione &#8220;Atti di coraggio&#8221;.\u00a0Per il nuotatore speciale che ha salvato una bambina alla Bufalara, tanti riconoscimenti e anche un film. Seguiranno altre due importanti onorificenze per cittadini della provincia di Latina: a giugno, il chirurgo e senologo di Latina, Fabio Ricci, direttore della Breast Unit del Goretti,\u00a0 \u00e8 nominato Commendatore della Repubblica. Negli ultimi giorni dell&#8217;anno, il sociologo e giornalista Marco Omizzolo viene insignito del titolo di Cavaliere al Merito della Repubblica Italiana per il suo impegno contro il caporalato e lo sfruttamento in agricoltura.<\/p>\n<p><img loading=\"lazy\" decoding=\"async\" class=\"alignnone size-full wp-image-235967\" src=\"https:\/\/www.radioluna.it\/news\/wp-content\/uploads\/2018\/12\/valerio-catoia-e-sergio-mattarella.jpg\" alt=\"\" width=\"960\" height=\"636\" \/><\/p>\n<p style=\"text-align: justify;\"><strong>APRILE<\/strong> &#8211; La A di Aprile \u00e8 anche quella di Arpalo, l&#8217;inchiesta della Procura della Repubblica di Latina (oggi processo) che ha portato in carcere l&#8217;ex parlamentare Pasquale Maietta e i vertici del Latina Calcio. Bancarotta fraudolenta, riciclaggio transnazionale, reati fiscali e tributari, le accuse. Sullo sfondo c&#8217;\u00e8 la morte dell&#8217;avvocato Paolo Censi.<\/p>\n<p><strong>MAGGIO<\/strong> &#8211; L\u2019arcivescovo de L\u2019Aquila Giuseppe Petrocchi, gi\u00e0 vescovo di Latina-Terracina-Sezze-Priverno viene nominato cardinale. L\u2019annuncio arriva da Papa Francesco.<\/p>\n<p style=\"text-align: justify;\"><strong>GIUGNO &#8211;\u00a0<\/strong>E\u2019 il mese di Alba Pontina, l&#8217;operazione che fa piazza pulita del clan Di Silvio accusato per la prima volta\u00a0 di essere &#8220;un\u2019associazione mafiosa autoctona&#8221;. E&#8217; la mafia pontina. Finiscono in manette il capo, Armando Di Silvio detto Lall\u00e0, i suoi figli, le donne del clan e vari adepti.<\/p>\n<p><strong>LUGLIO &#8211;\u00a0<\/strong>Un altro figlio di Latina scala le classifiche della musica italiana, \u00e8 Edoardo D&#8217;Erme in arte Calcutta. Per il suo concerto al Francioni di Latina arrivano 5000 persone. Saranno 12mila ad agosto all&#8217;Arena di Verona. L&#8217;anno per Calcutta si chiude con un pezzo scritto per Elisa e duettato con lei: &#8220;Se piovesse il tuo nome&#8221;.<\/p>\n<p><img loading=\"lazy\" decoding=\"async\" class=\"alignnone size-full wp-image-226843\" src=\"https:\/\/www.radioluna.it\/news\/wp-content\/uploads\/2018\/07\/calcutta-2.png\" alt=\"\" width=\"1328\" height=\"747\" srcset=\"https:\/\/www.radioluna.it\/news\/wp-content\/uploads\/2018\/07\/calcutta-2.png 1328w, https:\/\/www.radioluna.it\/news\/wp-content\/uploads\/2018\/07\/calcutta-2-300x169.png 300w, https:\/\/www.radioluna.it\/news\/wp-content\/uploads\/2018\/07\/calcutta-2-768x432.png 768w, https:\/\/www.radioluna.it\/news\/wp-content\/uploads\/2018\/07\/calcutta-2-1024x576.png 1024w, https:\/\/www.radioluna.it\/news\/wp-content\/uploads\/2018\/07\/calcutta-2-500x281.png 500w\" sizes=\"auto, (max-width: 1328px) 100vw, 1328px\" \/><\/p>\n<p style=\"text-align: justify;\"><strong>AGOSTO &#8211;<\/strong>\u00a0Viene arrestato l\u2019assassino di Lucky, il cane seviziato e gettato agonizzante in un cassonetto della spazzatura. Morir\u00e0 poche ore dopo il ritrovamento. L&#8217;autore \u00e8 un pensionato di Latina e le indagini alzeranno il velo su una storia terribile di violenze ordinarie su moglie e figli.<\/p>\n<p style=\"text-align: justify;\"><strong>SETTEMBRE<\/strong> &#8211; Ci piace ricordare che il Circeo si rivela fondamentale per conoscere la preistoria italiana. Lo dicono i risultati dell&#8217;ultima campagna di scavi condotta al Riparo Blanc, 20 metri sopra il livello del mare, sul Promontorio del Circeo. Studiosi della Sapienza grazie alla disponibilit\u00e0 della famiglia del famoso paleontologo, proprietaria dell&#8217;area, hanno ripreso i lavori portando alla luce nuovi resti.<\/p>\n<p style=\"text-align: justify;\"><strong>OTTOBRE<\/strong> &#8211; Il Ministro Bussetti a Latina conferisce a Martina Natale il diploma di maturit\u00e0. La studentessa del Manzoni \u00e8 scomparsa a giugno prima di poter sostenere l&#8217;esame, ma la tesina alla quale aveva lavorato fino all&#8217;ultimo viene illustrata alla commissione dalle sue compagne di classe. Una storia che ha commosso tutta Italia. Per lei \u00e8 nata la onlus Martina e la sua Luna.<\/p>\n<p><img loading=\"lazy\" decoding=\"async\" class=\"alignnone size-full wp-image-226022 aligncenter\" src=\"https:\/\/www.radioluna.it\/news\/wp-content\/uploads\/2018\/07\/martina.jpg\" alt=\"\" width=\"405\" height=\"275\" srcset=\"https:\/\/www.radioluna.it\/news\/wp-content\/uploads\/2018\/07\/martina.jpg 405w, https:\/\/www.radioluna.it\/news\/wp-content\/uploads\/2018\/07\/martina-300x204.jpg 300w\" sizes=\"auto, (max-width: 405px) 100vw, 405px\" \/><\/p>\n<p style=\"text-align: justify;\">A qualche chilometro di distanza a Roma, tutt&#8217;altra storia: muore nel mese di ottobre Desire\u00e9 Mariottini, la ragazza di Cisterna di 16 anni drogata e violentata in uno stabile abbandonato del quartiere San Lorenzo. E&#8217; orrore puro e la morte di Desire\u00e8 apre tanti interrogativi.<\/p>\n<p><img loading=\"lazy\" decoding=\"async\" class=\"size-full wp-image-232744 aligncenter\" src=\"https:\/\/www.radioluna.it\/news\/wp-content\/uploads\/2018\/10\/desire\u00e8-1.jpg\" alt=\"\" width=\"272\" height=\"434\" srcset=\"https:\/\/www.radioluna.it\/news\/wp-content\/uploads\/2018\/10\/desire\u00e8-1.jpg 272w, https:\/\/www.radioluna.it\/news\/wp-content\/uploads\/2018\/10\/desire\u00e8-1-188x300.jpg 188w\" sizes=\"auto, (max-width: 272px) 100vw, 272px\" \/><\/p>\n<p style=\"text-align: justify;\">Ottobre \u00e8 anche il mese del violento tornado che investe Terracina, spazza via Viale della Vittoria e i suoi alberi, poi prosegue in alto verso la citt\u00e0 vecchia. Si lascia alle spalle distruzione e un uomo morto. Al posto dei pini arriveranno canfore e lecci: oggi il Viale sta gi\u00e0 rinascendo.<\/p>\n<p><img loading=\"lazy\" decoding=\"async\" class=\"alignnone size-full wp-image-233153\" src=\"https:\/\/www.radioluna.it\/news\/wp-content\/uploads\/2018\/10\/terracina-smart-colpita.jpg\" alt=\"\" width=\"960\" height=\"528\" srcset=\"https:\/\/www.radioluna.it\/news\/wp-content\/uploads\/2018\/10\/terracina-smart-colpita.jpg 960w, https:\/\/www.radioluna.it\/news\/wp-content\/uploads\/2018\/10\/terracina-smart-colpita-300x165.jpg 300w, https:\/\/www.radioluna.it\/news\/wp-content\/uploads\/2018\/10\/terracina-smart-colpita-768x422.jpg 768w\" sizes=\"auto, (max-width: 960px) 100vw, 960px\" \/><\/p>\n<p>&nbsp;<\/p>\n<p style=\"text-align: justify;\"><strong>NOVEMBRE<\/strong> &#8211; E&#8217; domenica 25 novembre piove fortissimo quando improvvisamente la Pontina sprofonda e inghiotte un&#8217;auto. Un passeggero si salva l&#8217;altro \u00e8 ancora disperso. La strada nel tratto tra Sabaudia e Terracina \u00e8 interrotta. Un&#8217;inchiesta della Procura della Repubblica di Latina dovr\u00e0 accertare le responsabilit\u00e0.<\/p>\n<p><img loading=\"lazy\" decoding=\"async\" class=\"alignnone size-full wp-image-234857\" src=\"https:\/\/www.radioluna.it\/news\/wp-content\/uploads\/2018\/11\/vf-sulla-voragine.jpg\" alt=\"\" width=\"1200\" height=\"900\" srcset=\"https:\/\/www.radioluna.it\/news\/wp-content\/uploads\/2018\/11\/vf-sulla-voragine.jpg 1200w, https:\/\/www.radioluna.it\/news\/wp-content\/uploads\/2018\/11\/vf-sulla-voragine-300x225.jpg 300w, https:\/\/www.radioluna.it\/news\/wp-content\/uploads\/2018\/11\/vf-sulla-voragine-768x576.jpg 768w, https:\/\/www.radioluna.it\/news\/wp-content\/uploads\/2018\/11\/vf-sulla-voragine-1024x768.jpg 1024w\" sizes=\"auto, (max-width: 1200px) 100vw, 1200px\" \/><\/p>\n<p style=\"text-align: justify;\">Ma novembre \u00e8 anche il mese della crisi Corden Pharma: lo stabilimento di Sermoneta annuncia 192 esuberi, chiede al Tribunale un concordato di continuit\u00e0 e ai sindacati il taglio di tutti gli accordi di secondo livello. Un&#8217;altro colpo all&#8217;occupazione in un territorio gi\u00e0 molto provato. I sindaci di Sermoneta, Latina, Norma e Sezze chiedono lo stato di unit\u00e0 di crisi complessa per tutto il territorio.<\/p>\n<p style=\"text-align: justify;\"><strong>DICEMBRE<\/strong> &#8211;\u00a0Latina compie 86 anni e festeggia con eventi e videomapping sugli edifici storici. Il sindaco Damiano Coletta invita i cittadini a lasciare da parte le divisioni ideologiche per costruire una comunit\u00e0 coesa che sappia andare salda incontro al suo centenario. Richiamo ad impegnarsi per la costruzione della comunit\u00e0 anche da parte del vescovo Crociata che ricorda ai fedeli &#8220;non si pu\u00f2 solo aspettare che le cose si mettano a posto, la parte pi\u00f9 importante tocca alla societ\u00e0 civile&#8221;.<\/p>\n<p style=\"text-align: justify;\">Il capoluogo si mobilita per evitare l&#8217;accorpamento tra due scuole storiche della citt\u00e0: il Liceo Classico Dante Alighieri viene occupato e l&#8217;istituto Tecnico commerciale Vittorio Veneto \u00e8 in agitazione. Non se ne far\u00e0 nulla, ma il successo non tranquillizza: serve maggiore attenzione per contemperare le esigenze della spending review con la funzione primaria della scuola: l&#8217;educazione e la formazione dei giovani.<\/p>\n<p style=\"text-align: justify;\">Al Rosselli di Aprilia pochi giorni prima di Natale uno studente di 15 anni si arma di 8 molotov da lui stesso confezionate, indossa la mimetica e ne lancia tre all&#8217;interno della scuola. Professori e personale scolastico eroicamente lo bloccano. Poteva essere una strage.<\/p>\n<p><img loading=\"lazy\" decoding=\"async\" class=\"alignnone size-full wp-image-236656\" src=\"https:\/\/www.radioluna.it\/news\/wp-content\/uploads\/2018\/12\/rosselli-molotov.jpg\" alt=\"\" width=\"1200\" height=\"900\" srcset=\"https:\/\/www.radioluna.it\/news\/wp-content\/uploads\/2018\/12\/rosselli-molotov.jpg 1200w, https:\/\/www.radioluna.it\/news\/wp-content\/uploads\/2018\/12\/rosselli-molotov-300x225.jpg 300w, https:\/\/www.radioluna.it\/news\/wp-content\/uploads\/2018\/12\/rosselli-molotov-768x576.jpg 768w, https:\/\/www.radioluna.it\/news\/wp-content\/uploads\/2018\/12\/rosselli-molotov-1024x768.jpg 1024w\" sizes=\"auto, (max-width: 1200px) 100vw, 1200px\" \/><\/p>\n<div class=\"radio-posizionamento-telefono-in-articoli-dopo-il-contenuto-articolo radio-entity-placement\" id=\"radio-1002632579\"><div id=\"radio-2753247846\"><a href=\"https:\/\/www.simeoneceramiche.com\/\" aria-label=\"SIMEONE CERAMICHE GIF animata per radioluna_Tavola disegno 1 copia 2 (online-video-cutter.com)\"><img loading=\"lazy\" decoding=\"async\" src=\"https:\/\/www.radioluna.it\/news\/wp-content\/uploads\/2025\/05\/SIMEONE-CERAMICHE-GIF-animata-per-radioluna_Tavola-disegno-1-copia-2-online-video-cutter.com_.gif\" alt=\"\"  width=\"300\" height=\"250\"   \/><\/a><\/div><\/div>","protected":false},"excerpt":{"rendered":"<p>LATINA &#8211; Non li troverete tutti qui, i fatti del 2018, sarebbe impossibile. Ne abbiamo selezionati alcuni per\u00f2, che ci sembra significativo ricordare: la cronaca che ci ha segnato di pi\u00f9, ma anche i successi, le vittorie, i riconoscimenti. Li raccontiamo in breve, mese per mese, perch\u00e9 sono la strada che abbiamo percorso tutti insieme, [&hellip;]<\/p>\n","protected":false},"author":62,"featured_media":236494,"comment_status":"open","ping_status":"open","sticky":false,"template":"","format":"standard","meta":{"footnotes":""},"categories":[7],"tags":[],"class_list":["post-237094","post","type-post","status-publish","format-standard","has-post-thumbnail","hentry","category-cronaca"],"_links":{"self":[{"href":"https:\/\/www.radioluna.it\/news\/wp-json\/wp\/v2\/posts\/237094","targetHints":{"allow":["GET"]}}],"collection":[{"href":"https:\/\/www.radioluna.it\/news\/wp-json\/wp\/v2\/posts"}],"about":[{"href":"https:\/\/www.radioluna.it\/news\/wp-json\/wp\/v2\/types\/post"}],"author":[{"embeddable":true,"href":"https:\/\/www.radioluna.it\/news\/wp-json\/wp\/v2\/users\/62"}],"replies":[{"embeddable":true,"href":"https:\/\/www.radioluna.it\/news\/wp-json\/wp\/v2\/comments?post=237094"}],"version-history":[{"count":0,"href":"https:\/\/www.radioluna.it\/news\/wp-json\/wp\/v2\/posts\/237094\/revisions"}],"wp:featuredmedia":[{"embeddable":true,"href":"https:\/\/www.radioluna.it\/news\/wp-json\/wp\/v2\/media\/236494"}],"wp:attachment":[{"href":"https:\/\/www.radioluna.it\/news\/wp-json\/wp\/v2\/media?parent=237094"}],"wp:term":[{"taxonomy":"category","embeddable":true,"href":"https:\/\/www.radioluna.it\/news\/wp-json\/wp\/v2\/categories?post=237094"},{"taxonomy":"post_tag","embeddable":true,"href":"https:\/\/www.radioluna.it\/news\/wp-json\/wp\/v2\/tags?post=237094"}],"curies":[{"name":"wp","href":"https:\/\/api.w.org\/{rel}","templated":true}]}}