{"id":237130,"date":"2019-01-01T19:07:53","date_gmt":"2019-01-01T18:07:53","guid":{"rendered":"https:\/\/www.radioluna.it\/news\/?p=237130"},"modified":"2019-01-01T19:07:53","modified_gmt":"2019-01-01T18:07:53","slug":"latina-lbc-plaude-al-discorso-di-mattarella","status":"publish","type":"post","link":"https:\/\/www.radioluna.it\/news\/2019\/01\/latina-lbc-plaude-al-discorso-di-mattarella\/","title":{"rendered":"Latina, Lbc plaude al discorso di Mattarella"},"content":{"rendered":"<div id=\"fb-root\"><\/div>\n<p style=\"text-align: justify;\"><strong>LATINA<\/strong> &#8211; &#8220;Siamo rimasti colpiti dal discorso del presidente della Repubblica Sergio Mattarella e ci siamo sentiti molto vicini alle parole che ha rivolto all&#8217;Italia, che &#8211; siamo convinti anche noi &#8211; debba ripartire dal sentirsi comunit\u00e0&#8221;. Latina Bene Comune plaude al discorso presidenziale di fine Anno e lo rimarca per indirizzarlo alla comunit\u00e0 pontina.<\/p>\n<p style=\"text-align: justify;\">&#8220;Pensarsi dentro un futuro comune, da costruire insieme. Significa\u00a0responsabilit\u00e0, perch\u00e9 ciascuno di noi \u00e8, in misura pi\u00f9 o meno grande, protagonista del futuro del nostro Paese. Vuol dire anche essere rispettosi gli uni degli altri. Vuol dire essere consapevoli degli elementi che ci uniscono e nel\u00a0battersi, come \u00e8 giusto, per le proprie idee rifiutare l\u2019astio, l\u2019insulto, l\u2019intolleranza&#8221;. Questa che riportiamo \u00e8 la parte del lungo discorso di Mattarella che vorremmo estendere alla citt\u00e0 di Latina. Il nostro stesso sindaco Damiano Coletta nel discorso celebrativo del 18 dicembre e in quello di fine anno ha fatto appello allo spirito di comunit\u00e0 basato sui valori di solidariet\u00e0, condivisione, partecipazione ed inclusione. Vogliamo ora rivolgere anche noi un augurio alla citt\u00e0: che sia un anno pieno di soddisfazioni e di novit\u00e0 positive. Che il 2019 sia l&#8217;anno in cui inizieranno a vedersi i frutti pi\u00f9 evidenti del nostro lavoro, nell&#8217;ambiente che ci circonda e nel nostro modo di viverlo. Ai cittadini di Latina auguriamo un anno felice e rispondente alla proprie aspettative&#8221;, conclude al nota del Movimento civico.<\/p>\n","protected":false},"excerpt":{"rendered":"<p>LATINA &#8211; &#8220;Siamo rimasti colpiti dal discorso del presidente della Repubblica Sergio Mattarella e ci siamo sentiti molto vicini alle parole che ha rivolto all&#8217;Italia, che &#8211; siamo convinti anche noi &#8211; debba ripartire dal sentirsi comunit\u00e0&#8221;. Latina Bene Comune plaude al discorso presidenziale di fine Anno e lo rimarca per indirizzarlo alla comunit\u00e0 pontina. [&hellip;]<\/p>\n","protected":false},"author":62,"featured_media":237133,"comment_status":"open","ping_status":"open","sticky":false,"template":"","format":"standard","meta":{"footnotes":""},"categories":[8],"tags":[],"class_list":["post-237130","post","type-post","status-publish","format-standard","has-post-thumbnail","hentry","category-politica"],"_links":{"self":[{"href":"https:\/\/www.radioluna.it\/news\/wp-json\/wp\/v2\/posts\/237130","targetHints":{"allow":["GET"]}}],"collection":[{"href":"https:\/\/www.radioluna.it\/news\/wp-json\/wp\/v2\/posts"}],"about":[{"href":"https:\/\/www.radioluna.it\/news\/wp-json\/wp\/v2\/types\/post"}],"author":[{"embeddable":true,"href":"https:\/\/www.radioluna.it\/news\/wp-json\/wp\/v2\/users\/62"}],"replies":[{"embeddable":true,"href":"https:\/\/www.radioluna.it\/news\/wp-json\/wp\/v2\/comments?post=237130"}],"version-history":[{"count":0,"href":"https:\/\/www.radioluna.it\/news\/wp-json\/wp\/v2\/posts\/237130\/revisions"}],"wp:featuredmedia":[{"embeddable":true,"href":"https:\/\/www.radioluna.it\/news\/wp-json\/wp\/v2\/media\/237133"}],"wp:attachment":[{"href":"https:\/\/www.radioluna.it\/news\/wp-json\/wp\/v2\/media?parent=237130"}],"wp:term":[{"taxonomy":"category","embeddable":true,"href":"https:\/\/www.radioluna.it\/news\/wp-json\/wp\/v2\/categories?post=237130"},{"taxonomy":"post_tag","embeddable":true,"href":"https:\/\/www.radioluna.it\/news\/wp-json\/wp\/v2\/tags?post=237130"}],"curies":[{"name":"wp","href":"https:\/\/api.w.org\/{rel}","templated":true}]}}