{"id":237231,"date":"2019-01-03T09:36:35","date_gmt":"2019-01-03T08:36:35","guid":{"rendered":"https:\/\/www.radioluna.it\/news\/?p=237231"},"modified":"2019-01-08T08:36:10","modified_gmt":"2019-01-08T07:36:10","slug":"latina-lanno-che-verra-dissuasori-per-zona-pub-strade-spiagge-pubblica-illuminazione","status":"publish","type":"post","link":"https:\/\/www.radioluna.it\/news\/2019\/01\/latina-lanno-che-verra-dissuasori-per-zona-pub-strade-spiagge-pubblica-illuminazione\/","title":{"rendered":"Latina, l&#8217;Anno che verr\u00e0: dissuasori per zona pub, strade, spiagge, pubblica illuminazione"},"content":{"rendered":"<div id=\"fb-root\"><\/div>\n<p style=\"text-align: justify;\"><strong>LATINA<\/strong> &#8211; La possibilit\u00e0 che il Ministero dell&#8217;Economia ha dato ai Comuni di utilizzare il cosiddetto avanzo vincolato, fondi normalmente bloccati per questioni di pareggio del bilancio, ha consentito al Comune di Latina di trovare le risorse per programmare una serie di interventi attesi da tempo: &#8220;Il\u00a0limite temporale breve (dal 3 ottobre) non ci ha consentito di fare grandi progettazioni\u00a0 &#8211; spiega la vicecapogruppo di Lbc Valeria Campagna &#8211; ma abbiamo deciso di impiegare i soldi principalmente sul decoro urbano&#8221;. Gli atti sono stati approvati dal Consiglio Comunale nelle ultime sedute e riguardano l&#8217;installazione dei dissuasori nella zona pub, il rifacimento di alcune delle strade in condizioni pi\u00f9 critiche, la pubblica illuminazione, ma anche l&#8217;arredo urbano in centro e nei borghi.\u00a0 Un lungo elenco che riportiamo, al quale confidiamo segua l&#8217;apertura (e poi la chiusura) dei cantieri per la realizzazione delle opere.<\/p>\n<p style=\"text-align: justify;\"><strong>MANUTENZIONE STRADE:<\/strong> altri 500.000 euro si aggiungono all\u2019accordo quadro per la manutenzione stradale per un totale di 2,5 ml di euro. Le priorit\u00e0 del 2019 sono state individuate in: via del Lido, viale Le Corbusier, via Isonzo, via Piave, via Epitaffio, via della Stazione, via Litoranea e via Don Torello. Seguono il rifacimento integrale del fondo stradale di Via Piave, Via Vespucci, Via Botticelli, via Verdi, via Isonzo,<\/p>\n<p style=\"text-align: justify;\"><strong>QUALIT\u00c0 E DECORO<\/strong> &#8211; Sono stati stanziati\u00a0 2.365.000 euro che andranno in primo luogo a realizzare il progetto della ztl nella zona pub di Latina, ma saranno utilizzati anche per interventi su aree ed edifici pubblici, per arredo urbano, per i borghi. In particolare per la sistemazione delle fontane comunali tra cui quella di Piazza della Libert\u00e0\u00a0saranno spesi \u20ac 110.000,00 e sar\u00e0 messa in\u00a0\u00a0sicurezza la facciata della Torre comunale avviando un restauro conservativo per il quale sono state messe a disposizione somme per 150.000 euro.<\/p>\n<p style=\"text-align: justify;\"><strong>ZONA PUB<\/strong> &#8211;\u00a0 390mila euro saranno impiegati per\u00a0 l&#8217;installazione dei dissuasori a scomparsa nella zona Pub (Via Neghelli e limitrofe). L&#8217;obiettivo \u00e8 garantire la sicurezza in una zona ad altissima frequentazione soprattutto nel fine settimana.<\/p>\n<p style=\"text-align: justify;\"><strong>BIBLIOTECA COMUNALE<\/strong> Non pi\u00f9 manutenzione ordinaria ma straordinaria quella che riguarder\u00e0 l&#8217;impianto di condizionamento nella biblioteca comunale Aldo Manuzio su Corso della Repubblica, frequentata ogni giorno da centinaia di studenti come aula studio. Serviranno \u20ac 60.000 per l&#8217;acquisto di una nuova pompa di calore che produrr\u00e0 aria fresca in estate e calda in inverno.<\/p>\n<p style=\"text-align: justify;\"><strong>D&#8217;ANNUNZIO<\/strong> &#8211; L&#8217;assessore alla Cultura Silvio Di Francia ha promesso per i primi mesi dell&#8217;anno (pi\u00f9 o meno a\u00a0 febbraio) l&#8217;agibilit\u00e0 e l&#8217;autorizzazione definitiva per la riapertura del Teatro comunale D\u2019Annunzio. Sono stati realizzati i lavori &#8220;tagliafuoco&#8221; sul palco, ma non erano sufficienti con le nuove norme. Per le prescrizioni dettate dai vigili del fuoco serviranno 70.000 euro.<\/p>\n<p style=\"text-align: justify;\"><strong>PALAZZETTO<\/strong> &#8211; Lo stesso per il Palazzetto dello sport. &#8220;Per avere l&#8217;agibilit\u00e0 completa\u00a0 &#8211; spiega Valeria Campagna &#8211; servono 60.000 euro che si aggiungono a 100.000 \u20ac gi\u00e0 appaltati per rendere tutte le superfici resistenti al fuoco&#8221;.<\/p>\n<p style=\"text-align: justify;\"><strong>VERDE E SPIAGGIA<\/strong> &#8211; Qui, i progetti riguardano la manutenzione straordinaria delle passerelle per accedere alla spiaggia, la realizzazione di una\u00a0discesa a mare meccanizzata amovibile per la fruizione da parte di persone diversamente abili; e la manutenzione o sostituzione delle giostre che risultano danneggiate o pericolose (220.000,00 euro)<\/p>\n<p style=\"text-align: justify;\"><strong>ACQUISTO AUTOBUS<\/strong>\u00a0 <strong>ECO<\/strong>&#8211; Una grossa polemica in consiglio comunale, e ora anche una richiesta di accesso agli atti presentata dal consigliere Nicola Calandrini, riguarda la decisione di acquistare due bus elettrici o ibridi per un totale di 830.000 per implementare la flotta del nuovo gestore. Gli autobus eco potranno cos\u00ec\u00a0 entrare nella ztl e in estate potenziare il servizio al Lido nel tratto ricadente nel Parco Nazionale del Circeo, ovvero tra Capoportiere e Rio Martino.<\/p>\n<p style=\"text-align: justify;\"><strong>PISTA CICLABILE<\/strong>\u00a0 &#8211; &#8220;\u00c8 stato approvato\u00a0 &#8211; conclude Campagna &#8211; l&#8217;impegno per accedere ad un mutuo per la realizzazione di una pista ciclabile che collegher\u00e0 l\u2019anello ciclabile presente in centro-citt\u00e0,\u00a0 alla pista ciclabile di Via del Lido: dalle Poste centrali, passando per Via dei Mille e Via Amaseno accanto alle scuole Corradini, Via Bachelet e Liceo Scientifico Grassi&#8221;. Si tratta dell&#8217;iniziativa <em>Comuni in pista<\/em>, che mette a disposizione risorse per implementare le ciclovie. Il Comune ha chiesto all\u2019Istituto per il Credito Sportivo un mutuo di 484.762,88 euro per la realizzazione del primo stralcio del progetto, approvando poi la\u00a0 variazione di bilancio. Un&#8217;opera che, se finanziata, consentirebbe a chi usa la bicicletta come mezzo di trasporto abituale, di attraversare in sicurezza punti strategici e oggi pericolosi. Potrebbe essere di incentivo anche per gli studenti ad usare la dueruote pi\u00f9 ecologica tutti i giorni, con un minimo di tranquillit\u00e0 in pi\u00f9 rispetto ad oggi.<\/p>\n","protected":false},"excerpt":{"rendered":"<p>LATINA &#8211; La possibilit\u00e0 che il Ministero dell&#8217;Economia ha dato ai Comuni di utilizzare il cosiddetto avanzo vincolato, fondi normalmente bloccati per questioni di pareggio del bilancio, ha consentito al Comune di Latina di trovare le risorse per programmare una serie di interventi attesi da tempo: &#8220;Il\u00a0limite temporale breve (dal 3 ottobre) non ci ha [&hellip;]<\/p>\n","protected":false},"author":62,"featured_media":0,"comment_status":"open","ping_status":"open","sticky":false,"template":"","format":"standard","meta":{"footnotes":""},"categories":[2403,8],"tags":[],"class_list":["post-237231","post","type-post","status-publish","format-standard","hentry","category-le-cose-in-comune","category-politica"],"_links":{"self":[{"href":"https:\/\/www.radioluna.it\/news\/wp-json\/wp\/v2\/posts\/237231","targetHints":{"allow":["GET"]}}],"collection":[{"href":"https:\/\/www.radioluna.it\/news\/wp-json\/wp\/v2\/posts"}],"about":[{"href":"https:\/\/www.radioluna.it\/news\/wp-json\/wp\/v2\/types\/post"}],"author":[{"embeddable":true,"href":"https:\/\/www.radioluna.it\/news\/wp-json\/wp\/v2\/users\/62"}],"replies":[{"embeddable":true,"href":"https:\/\/www.radioluna.it\/news\/wp-json\/wp\/v2\/comments?post=237231"}],"version-history":[{"count":0,"href":"https:\/\/www.radioluna.it\/news\/wp-json\/wp\/v2\/posts\/237231\/revisions"}],"wp:attachment":[{"href":"https:\/\/www.radioluna.it\/news\/wp-json\/wp\/v2\/media?parent=237231"}],"wp:term":[{"taxonomy":"category","embeddable":true,"href":"https:\/\/www.radioluna.it\/news\/wp-json\/wp\/v2\/categories?post=237231"},{"taxonomy":"post_tag","embeddable":true,"href":"https:\/\/www.radioluna.it\/news\/wp-json\/wp\/v2\/tags?post=237231"}],"curies":[{"name":"wp","href":"https:\/\/api.w.org\/{rel}","templated":true}]}}