{"id":237367,"date":"2019-01-04T13:06:12","date_gmt":"2019-01-04T12:06:12","guid":{"rendered":"https:\/\/www.radioluna.it\/news\/?p=237367"},"modified":"2019-01-04T13:06:33","modified_gmt":"2019-01-04T12:06:33","slug":"ospedale-del-golfo-forte-pd-ora-si-realizzi-lopera","status":"publish","type":"post","link":"https:\/\/www.radioluna.it\/news\/2019\/01\/ospedale-del-golfo-forte-pd-ora-si-realizzi-lopera\/","title":{"rendered":"Ospedale del Golfo, Forte (Pd): &#8220;Ora si realizzi l&#8217;opera&#8221;"},"content":{"rendered":"<div id=\"fb-root\"><\/div>\n<p style=\"text-align: justify;\"><strong>LATINA<\/strong> &#8211;\u00a0\u00abCon la legge finanziaria appena approvata dal Governo nazionale diventa sempre pi\u00f9 concreta, grazie allo sblocco di 75milioni di euro da parte dell\u2019Inail, la realizzazione dell\u2019ospedale del Golfo. Una struttura che potenzier\u00e0 l\u2019offerta sanitaria per il sud pontino, andando a supportare gli ospedali del Basso Lazio ormai obsoleti\u00bb.\u00a0\u00a0Lo dichiara in una nota il consigliere regionale del Pd Enrico Forte, aggiungendo che &#8220;la realizzazione dell\u2019ospedale si rende possibile grazie ad una attenta programmazione da parte della Regione Lazio che, anche nel passato caratterizzato dai pesanti lacci del commissariamento, non ha smesso di pensare al bene dei cittadini&#8221;.<\/p>\n<p style=\"text-align: justify;\">Esistono, gi\u00e0 dai tempi della Giunta Marrazzo, un progetto ed area gi\u00e0 messa a disposizione del Comune di Formia per l\u2019ospedale del Golfo: \u00abSar\u00e0 cos\u00ec pi\u00f9 celere e meno oneroso l\u2019iter non essendo necessario effettuare espropri. Con la presidenza di Nicola Zingaretti, che ha interessato l\u2019Inail affinch\u00e8 venissero sbloccati i fondi, il progetto \u00e8 stato ripreso sino all\u2019ufficiale inserimento in Finanziaria. Da questo momento sar\u00e0 necessario vigilare sulla realizzazione dell\u2019opera, evitando campanilismi e fughe in avanti, pensando all\u2019utilit\u00e0 dell\u2019ospedale per l\u2019intero sistema sanitario regionale, che non vuole assolutamente dismettere la presenza nei territori, ma potenziarla\u00bb.<\/p>\n","protected":false},"excerpt":{"rendered":"<p>LATINA &#8211;\u00a0\u00abCon la legge finanziaria appena approvata dal Governo nazionale diventa sempre pi\u00f9 concreta, grazie allo sblocco di 75milioni di euro da parte dell\u2019Inail, la realizzazione dell\u2019ospedale del Golfo. Una struttura che potenzier\u00e0 l\u2019offerta sanitaria per il sud pontino, andando a supportare gli ospedali del Basso Lazio ormai obsoleti\u00bb.\u00a0\u00a0Lo dichiara in una nota il consigliere [&hellip;]<\/p>\n","protected":false},"author":62,"featured_media":235491,"comment_status":"open","ping_status":"open","sticky":false,"template":"","format":"standard","meta":{"footnotes":""},"categories":[8],"tags":[],"class_list":["post-237367","post","type-post","status-publish","format-standard","has-post-thumbnail","hentry","category-politica"],"_links":{"self":[{"href":"https:\/\/www.radioluna.it\/news\/wp-json\/wp\/v2\/posts\/237367","targetHints":{"allow":["GET"]}}],"collection":[{"href":"https:\/\/www.radioluna.it\/news\/wp-json\/wp\/v2\/posts"}],"about":[{"href":"https:\/\/www.radioluna.it\/news\/wp-json\/wp\/v2\/types\/post"}],"author":[{"embeddable":true,"href":"https:\/\/www.radioluna.it\/news\/wp-json\/wp\/v2\/users\/62"}],"replies":[{"embeddable":true,"href":"https:\/\/www.radioluna.it\/news\/wp-json\/wp\/v2\/comments?post=237367"}],"version-history":[{"count":0,"href":"https:\/\/www.radioluna.it\/news\/wp-json\/wp\/v2\/posts\/237367\/revisions"}],"wp:featuredmedia":[{"embeddable":true,"href":"https:\/\/www.radioluna.it\/news\/wp-json\/wp\/v2\/media\/235491"}],"wp:attachment":[{"href":"https:\/\/www.radioluna.it\/news\/wp-json\/wp\/v2\/media?parent=237367"}],"wp:term":[{"taxonomy":"category","embeddable":true,"href":"https:\/\/www.radioluna.it\/news\/wp-json\/wp\/v2\/categories?post=237367"},{"taxonomy":"post_tag","embeddable":true,"href":"https:\/\/www.radioluna.it\/news\/wp-json\/wp\/v2\/tags?post=237367"}],"curies":[{"name":"wp","href":"https:\/\/api.w.org\/{rel}","templated":true}]}}