{"id":237714,"date":"2019-01-10T19:54:27","date_gmt":"2019-01-10T18:54:27","guid":{"rendered":"https:\/\/www.radioluna.it\/news\/?p=237714"},"modified":"2019-01-13T08:07:10","modified_gmt":"2019-01-13T07:07:10","slug":"caro-daddo-al-ruspi-la-mostra-dedicata-a-riccardo-cerocchi","status":"publish","type":"post","link":"https:\/\/www.radioluna.it\/news\/2019\/01\/caro-daddo-al-ruspi-la-mostra-dedicata-a-riccardo-cerocchi\/","title":{"rendered":"Caro Daddo, al Ruspi la mostra dedicata a Riccardo Cerocchi"},"content":{"rendered":"<div id=\"fb-root\"><\/div>\n<p style=\"text-align: justify;\"><strong><img loading=\"lazy\" decoding=\"async\" class=\"alignnone size-full wp-image-237724\" src=\"https:\/\/www.radioluna.it\/news\/wp-content\/uploads\/2019\/01\/invito-mostra-Arch-Cerocchi-1.jpg\" alt=\"\" width=\"848\" height=\"1200\" srcset=\"https:\/\/www.radioluna.it\/news\/wp-content\/uploads\/2019\/01\/invito-mostra-Arch-Cerocchi-1.jpg 848w, https:\/\/www.radioluna.it\/news\/wp-content\/uploads\/2019\/01\/invito-mostra-Arch-Cerocchi-1-212x300.jpg 212w, https:\/\/www.radioluna.it\/news\/wp-content\/uploads\/2019\/01\/invito-mostra-Arch-Cerocchi-1-768x1087.jpg 768w, https:\/\/www.radioluna.it\/news\/wp-content\/uploads\/2019\/01\/invito-mostra-Arch-Cerocchi-1-724x1024.jpg 724w\" sizes=\"auto, (max-width: 848px) 100vw, 848px\" \/>LATINA<\/strong> &#8211; Era architetto. Cultore della musica. Innamorato del paesaggio, della storia, delle linee, dei suoni. Era innamorato della vita. Sar\u00e0 ricordato cos\u00ec, per il suo impegno pieno, l&#8217;architetto Riccardo Cerocchi nella mostra Caro Daddo, perch\u00e9 cos\u00ec lo chiamavano un po&#8217; tutti, con un diminutivo affettuoso che non ne sminuiva l&#8217;autorevolezza.<\/p>\n<p style=\"text-align: justify;\"><strong>VENERDI&#8217; 11 GENNAIO ALLE 18<\/strong> &#8211; Una mostra che sar\u00e0 inaugurata venerd\u00ec 11 gennaio alle 18 nell&#8217;ex Garage Ruspi, in Largo Giovanni XXIII, voluta dalla Fondazione Roffredo Caetani (ente che Cerocchi ha contribuito a far nascere e di cui \u00e8 stato a lungo presidente) che oggi gli dedica anche il sesto volume della collana I Quaderni di Ninfa, e realizzata\u00a0 in collaborazione con la famiglia Cerocchi, l&#8217;Ordine degli architetti, urbanisti, conservatori e paesaggisti della provincia di Latina e con il patrocinio del Comune di Latina. Saranno esposti disegni originali e materiali di archivio, una video intervista e foto di Tonino Mirabella e Marianna Lanza, cos\u00ec come deciso da \u00a0Silvia Mastrantoni e Massimo Palumbo che la curano.<br \/>\nIn programma anche un breve intervento musicale del violinista Ivos Margoni vincitore della prima edizione del Premio Riccardo Cerocchi, organizzato dal Campus per promuovere i manoscritti musicali custoditi nel proprio Archivio. Il giovane musicista romano proporr\u00e0 un Adagio di Bach, tre Capricci di Paganini ( 5, 9 e 17) e la Sonata in re minore di Ysa\u00ffe.<\/p>\n<p style=\"text-align: justify;\"><strong>CEROCCHI PROTAGONISTA DELLA SOCIETA&#8217; PONTINA<\/strong> &#8211; &#8220;In questa fase \u2013 dice il presidente della Fondazione Caetani Tommaso Agnoni &#8211; in cui la Fondazione sta ritrovando il suo ruolo di protagonista nella societ\u00e0 pontina il racconto della vita e dell\u2019attivit\u00e0 di Riccardo Cerocchi dal punto di vista professionale diventa quindi di fondamentale importanza per ravvivarne lo spirito. Il suo essere architetto si \u00e8 intrecciato fortemente con l\u2019attivit\u00e0 della Fondazione in tutte le attivit\u00e0 che la stessa ha sviluppato per il mantenimento, la salvaguardia e il restauro dei preziosi beni monumentali di propriet\u00e0 con particolare attenzione per gli interventi nel Castello di Sermoneta. E\u2019 con questo spirito quindi che abbiamo voluto questa mostra e questo documento, a memoria di una vita spesa accanto alla Fondazione Roffredo Caetani per conservare i valori culturali di questo territorio ma soprattutto per farli vivere nella contemporaneit\u00e0\u201d.<\/p>\n<p style=\"text-align: justify;\"><strong>MESSAGGIO AI GIOVANI ARCHITETTI<\/strong> &#8211; La mostra \u00e8 anche un messaggio alle nuove generazioni, come spiega il presidente dell&#8217;Ordine degli Architetti, Massimo Rosolini: \u201cPer il nostro Ordine professionale la mostra \u00e8 l\u2019occasione per ricordare un grande collega, ma soprattutto per segnalare ai pi\u00f9 giovani un modo di intendere la professione di architetto sostenuta dall\u2019impegno culturale, poetico e civile. Nella cultura della Citt\u00e0 la mostra sull\u2019opera di Cerocchi significa anche iniziare a guardare a una fase storica successiva agli anni della fondazione, segnata da un\u2019aspirazione alla modernizzazione e al dialogo con le esperienze internazionali\u201d.<\/p>\n<p>La mostra rester\u00e0 aperta fino al prossimo 3 febbraio. Il Catalogo \u00e8 curato da Antonio Crobe. Elaborazione grafica a cura di\u00a0Sara Palumbo e Ines Paolucci.<\/p>\n<p>&nbsp;<\/p>\n","protected":false},"excerpt":{"rendered":"<p>LATINA &#8211; Era architetto. Cultore della musica. Innamorato del paesaggio, della storia, delle linee, dei suoni. Era innamorato della vita. Sar\u00e0 ricordato cos\u00ec, per il suo impegno pieno, l&#8217;architetto Riccardo Cerocchi nella mostra Caro Daddo, perch\u00e9 cos\u00ec lo chiamavano un po&#8217; tutti, con un diminutivo affettuoso che non ne sminuiva l&#8217;autorevolezza. VENERDI&#8217; 11 GENNAIO ALLE [&hellip;]<\/p>\n","protected":false},"author":62,"featured_media":237723,"comment_status":"open","ping_status":"open","sticky":false,"template":"","format":"standard","meta":{"footnotes":""},"categories":[15],"tags":[],"class_list":["post-237714","post","type-post","status-publish","format-standard","has-post-thumbnail","hentry","category-cultura"],"_links":{"self":[{"href":"https:\/\/www.radioluna.it\/news\/wp-json\/wp\/v2\/posts\/237714","targetHints":{"allow":["GET"]}}],"collection":[{"href":"https:\/\/www.radioluna.it\/news\/wp-json\/wp\/v2\/posts"}],"about":[{"href":"https:\/\/www.radioluna.it\/news\/wp-json\/wp\/v2\/types\/post"}],"author":[{"embeddable":true,"href":"https:\/\/www.radioluna.it\/news\/wp-json\/wp\/v2\/users\/62"}],"replies":[{"embeddable":true,"href":"https:\/\/www.radioluna.it\/news\/wp-json\/wp\/v2\/comments?post=237714"}],"version-history":[{"count":0,"href":"https:\/\/www.radioluna.it\/news\/wp-json\/wp\/v2\/posts\/237714\/revisions"}],"wp:featuredmedia":[{"embeddable":true,"href":"https:\/\/www.radioluna.it\/news\/wp-json\/wp\/v2\/media\/237723"}],"wp:attachment":[{"href":"https:\/\/www.radioluna.it\/news\/wp-json\/wp\/v2\/media?parent=237714"}],"wp:term":[{"taxonomy":"category","embeddable":true,"href":"https:\/\/www.radioluna.it\/news\/wp-json\/wp\/v2\/categories?post=237714"},{"taxonomy":"post_tag","embeddable":true,"href":"https:\/\/www.radioluna.it\/news\/wp-json\/wp\/v2\/tags?post=237714"}],"curies":[{"name":"wp","href":"https:\/\/api.w.org\/{rel}","templated":true}]}}