{"id":237830,"date":"2019-01-11T11:46:39","date_gmt":"2019-01-11T10:46:39","guid":{"rendered":"https:\/\/www.radioluna.it\/news\/?p=237830"},"modified":"2019-01-11T12:43:31","modified_gmt":"2019-01-11T11:43:31","slug":"un-parco-di-latina-per-de-andre-la-proposta-dellassessore-di-francia","status":"publish","type":"post","link":"https:\/\/www.radioluna.it\/news\/2019\/01\/un-parco-di-latina-per-de-andre-la-proposta-dellassessore-di-francia\/","title":{"rendered":"&#8220;Una via di Latina per De Andr\u00e9&#8221;, la proposta dell&#8217;assessore Di Francia"},"content":{"rendered":"<div id=\"fb-root\"><\/div>\n<p style=\"text-align: justify;\"><strong>LATINA<\/strong> &#8211; Parlare di toponomastica a Latina pu\u00f2 essere rischioso, come dimostra la polemica rovente che ha accompagnato l&#8217;intitolazione dei Giardinetti a due eroi dei nostri giorni, i giudici Falcone e Borsellino. In questo caso per\u00f2, come nell&#8217;altro, ne vale la pena. L&#8217;assessore alla cultura del Comune di Latina Silvio Di Francia, propone infatti, oggi, nel giorno del ventennale della scomparsa del grande Fabrizio De Andr\u00e9, di dedicargli una strada. Magari all&#8217;interno di un parco.<\/p>\n<p style=\"text-align: justify;\">Scrive Di Francia: &#8220;Sono passati venti anni dalla scomparsa di Fabrizio De Andr\u00e8: era l&#8217;11 gennaio 1999. In molte citt\u00e0 c&#8217;\u00e8 una strada, una piazza, un largo con il suo nome. Forse mi sbaglio, ma credo che Latina non ci sia una via De Andr\u00e8 (neanche una via del Campo). Sarebbe bello proporla. Magari in un parco, dove qualche ragazzo o qualche vecchio appassionato, la prossima volta, al prossimo anniversario, potranno darsi appuntamento e portarsi una chitarra e intonare &#8216;umbre de muri, muri de main\u00e9, dunde ne vegn\u00ec duve l&#8217;\u00e8 ch&#8217;an\u00e9&#8230;&#8221;.<\/p>\n<p style=\"text-align: justify;\">Insomma, scegliere un luogo per ricordare il poeta che fu, l&#8217;uomo e l&#8217;artista geniale che ci ha lasciato musiche e testi senza tempo. Quello che Bologna ha fatto con il Museo Dalla o quando a Natale, nella strada dove Lucio \u00e8 vissuto, ha appeso\u00a0 luminarie con le strofe de L&#8217;Anno che verr\u00e0. O come la panchina di Tiziano Ferro a Latina, idea del sindaco Zaccheo (peccato, troppo poco valorizzata, la panchina). Si dir\u00e0 che Dalla era di Bologna e che Tiziano \u00e8 di Latina, dunque, a De Andr\u00e8 ci pensi Genova. E no, perch\u00e9 gli artisti sono artisti e la loro musica non conosce confini. Un posto quindi andrebbe trovato: bravo Di Francia. Anzi ne dovremmo trovare uno anche per Dalla. Quanto a Tiziano, invece, aspettiamo di goderci il prossimo disco in uscita il 22 novembre, magari seduti sulla panchina che gli ha ispirato\u00a0 XDono.<\/p>\n","protected":false},"excerpt":{"rendered":"<p>LATINA &#8211; Parlare di toponomastica a Latina pu\u00f2 essere rischioso, come dimostra la polemica rovente che ha accompagnato l&#8217;intitolazione dei Giardinetti a due eroi dei nostri giorni, i giudici Falcone e Borsellino. In questo caso per\u00f2, come nell&#8217;altro, ne vale la pena. L&#8217;assessore alla cultura del Comune di Latina Silvio Di Francia, propone infatti, oggi, [&hellip;]<\/p>\n","protected":false},"author":62,"featured_media":237833,"comment_status":"open","ping_status":"open","sticky":false,"template":"","format":"standard","meta":{"footnotes":""},"categories":[15],"tags":[],"class_list":["post-237830","post","type-post","status-publish","format-standard","has-post-thumbnail","hentry","category-cultura"],"_links":{"self":[{"href":"https:\/\/www.radioluna.it\/news\/wp-json\/wp\/v2\/posts\/237830","targetHints":{"allow":["GET"]}}],"collection":[{"href":"https:\/\/www.radioluna.it\/news\/wp-json\/wp\/v2\/posts"}],"about":[{"href":"https:\/\/www.radioluna.it\/news\/wp-json\/wp\/v2\/types\/post"}],"author":[{"embeddable":true,"href":"https:\/\/www.radioluna.it\/news\/wp-json\/wp\/v2\/users\/62"}],"replies":[{"embeddable":true,"href":"https:\/\/www.radioluna.it\/news\/wp-json\/wp\/v2\/comments?post=237830"}],"version-history":[{"count":0,"href":"https:\/\/www.radioluna.it\/news\/wp-json\/wp\/v2\/posts\/237830\/revisions"}],"wp:featuredmedia":[{"embeddable":true,"href":"https:\/\/www.radioluna.it\/news\/wp-json\/wp\/v2\/media\/237833"}],"wp:attachment":[{"href":"https:\/\/www.radioluna.it\/news\/wp-json\/wp\/v2\/media?parent=237830"}],"wp:term":[{"taxonomy":"category","embeddable":true,"href":"https:\/\/www.radioluna.it\/news\/wp-json\/wp\/v2\/categories?post=237830"},{"taxonomy":"post_tag","embeddable":true,"href":"https:\/\/www.radioluna.it\/news\/wp-json\/wp\/v2\/tags?post=237830"}],"curies":[{"name":"wp","href":"https:\/\/api.w.org\/{rel}","templated":true}]}}