{"id":237843,"date":"2019-01-11T13:56:51","date_gmt":"2019-01-11T12:56:51","guid":{"rendered":"https:\/\/www.radioluna.it\/news\/?p=237843"},"modified":"2019-01-14T11:16:31","modified_gmt":"2019-01-14T10:16:31","slug":"film-di-peso-a-latina-torna-il-concorso-per-parlare-di-obesita-e-dintorni","status":"publish","type":"post","link":"https:\/\/www.radioluna.it\/news\/2019\/01\/film-di-peso-a-latina-torna-il-concorso-per-parlare-di-obesita-e-dintorni\/","title":{"rendered":"Film di Peso, torna a Latina il concorso per parlare di obesit\u00e0 e dintorni"},"content":{"rendered":"<div id=\"fb-root\"><\/div>\n<p style=\"text-align: justify;\"><strong> LATINA<\/strong> &#8211; Parlare di obesit\u00e0 attraverso l&#8217;arte, con un film breve, della durata massima di 20 minuti che punti l&#8217;obiettivo su cibo, nutrizione, disturbi alimentari. Torna a Latina\u00a0 \u201cFilmdipeso\u201d terza edizione di un festival del cortometraggio a tema, che sar\u00e0 accompagnato da una serie di attivit\u00e0 anche nelle scuole e in Universit\u00e0 e da un concorso nel concorso, riservato alle scuole, sul tema &#8220;Il peso del peso&#8221;.<\/p>\n<p style=\"text-align: justify;\">&#8220;La\u00a0mission\u00a0del Festival come nelle due precedenti edizioni \u00e8 la divulgazione degli aspetti sociali, psicologici, relazionali e di cura dell\u2019obesit\u00e0 e dei disturbi alimentari nell\u2019adulto e nell\u2019adolescente&#8221;,\u00a0 \u00a0spiega Gianfranco Silecchia, direttore del Bariatric Center of Excellence IFSO EC \u2013 UOC di Chirurgia Generale Universitaria de la Sapienza Universit\u00e0 di Roma \u2013 Polo Pontino, ma soprattutto\u00a0 inventore e anima del concorso.\u00a0<strong>ASCOLTA SILECCHIA<\/strong><\/p>\n<audio class=\"wp-audio-shortcode\" id=\"audio-237843-1\" preload=\"none\" style=\"width: 100%;\" controls=\"controls\"><source type=\"audio\/mpeg\" src=\"https:\/\/www.radioluna.it\/news\/wp-content\/uploads\/2019\/01\/film-di-peso-2019-silecchia-per-sito.mp3?_=1\" \/><a href=\"https:\/\/www.radioluna.it\/news\/wp-content\/uploads\/2019\/01\/film-di-peso-2019-silecchia-per-sito.mp3\">https:\/\/www.radioluna.it\/news\/wp-content\/uploads\/2019\/01\/film-di-peso-2019-silecchia-per-sito.mp3<\/a><\/audio>\n<p style=\"text-align: justify;\">Non solo un concorso per cortometraggi, ma una vera e propria campagna di informazione e di sensibilizzazione giocata con l&#8217;arte, per essere pi\u00f9 diretta e efficace, su un tema che, a dispetto dell&#8217;evidenza,\u00a0 \u00e8 spesso taciuto. &#8220;Conoscere e riconoscere l\u2019obesit\u00e0 ed i disturbi alimentari come \u201cmalattia\u201d pu\u00f2 consentire di avvicinarsi alle moderne opportunit\u00e0 di \u201ccura\u201d abbattendo pregiudizi e false convinzioni. Un ampio sguardo sul cibo e sulla nutrizione finalizzato alla corretta informazione ed al miglioramento della qualit\u00e0 di vita completa la mission dello Shortfilm Festival&#8221;, aggiunge Silecchia.<\/p>\n<p style=\"text-align: justify;\">ISCRIZIONI ENTRO L&#8217;8 FEBBRAIO &#8211; Il concorso \u00e8 rivolto sia a registi professionisti che ad amatori. Il bando aperto scadr\u00e0 il prossimo 8 febbraio. Sar\u00e0 una giuria presieduta dal regista di Latina Gianfranco Pannone,\u00a0 a scegliere i lavori migliori che verranno proiettati venerd\u00ec 5 e sabato 6 aprile al Cinema Oxer.<\/p>\n<p style=\"text-align: justify;\">I PARTNER &#8211; Il progetto nasce dalla partnership tra il Dipartimento di Scienze medico-chirurgiche e biotecnologie, Bariatric Center of Excellence della Sapienza-Universit\u00e0 di Roma \u2013 Polo Pontino, e il Comune di Latina in collaborazione con Amici Obesi onlus, AILO (Associazione Italiana Lotta all\u2019Obesit\u00e0 e malattie metaboliche) e \u201cVilla Miralago\u201d, centro residenziale per il trattamento dei disturbi del peso.<\/p>\n<p style=\"text-align: justify;\">\n<div class=\"radio-posizionamento-telefono-in-articoli-dopo-il-contenuto-articolo radio-entity-placement\" id=\"radio-661311507\"><div id=\"radio-892076300\"><a href=\"https:\/\/www.simeoneceramiche.com\/\" aria-label=\"SIMEONE CERAMICHE GIF animata per radioluna_Tavola disegno 1 copia 2 (online-video-cutter.com)\"><img loading=\"lazy\" decoding=\"async\" src=\"https:\/\/www.radioluna.it\/news\/wp-content\/uploads\/2025\/05\/SIMEONE-CERAMICHE-GIF-animata-per-radioluna_Tavola-disegno-1-copia-2-online-video-cutter.com_.gif\" alt=\"\"  width=\"300\" height=\"250\"   \/><\/a><\/div><\/div>","protected":false},"excerpt":{"rendered":"<p>LATINA &#8211; Parlare di obesit\u00e0 attraverso l&#8217;arte, con un film breve, della durata massima di 20 minuti che punti l&#8217;obiettivo su cibo, nutrizione, disturbi alimentari. Torna a Latina\u00a0 \u201cFilmdipeso\u201d terza edizione di un festival del cortometraggio a tema, che sar\u00e0 accompagnato da una serie di attivit\u00e0 anche nelle scuole e in Universit\u00e0 e da un [&hellip;]<\/p>\n","protected":false},"author":62,"featured_media":237847,"comment_status":"open","ping_status":"open","sticky":false,"template":"","format":"gallery","meta":{"footnotes":""},"categories":[2310,15],"tags":[],"class_list":["post-237843","post","type-post","status-publish","format-gallery","has-post-thumbnail","hentry","category-audio","category-cultura","post_format-post-format-gallery"],"_links":{"self":[{"href":"https:\/\/www.radioluna.it\/news\/wp-json\/wp\/v2\/posts\/237843","targetHints":{"allow":["GET"]}}],"collection":[{"href":"https:\/\/www.radioluna.it\/news\/wp-json\/wp\/v2\/posts"}],"about":[{"href":"https:\/\/www.radioluna.it\/news\/wp-json\/wp\/v2\/types\/post"}],"author":[{"embeddable":true,"href":"https:\/\/www.radioluna.it\/news\/wp-json\/wp\/v2\/users\/62"}],"replies":[{"embeddable":true,"href":"https:\/\/www.radioluna.it\/news\/wp-json\/wp\/v2\/comments?post=237843"}],"version-history":[{"count":0,"href":"https:\/\/www.radioluna.it\/news\/wp-json\/wp\/v2\/posts\/237843\/revisions"}],"wp:featuredmedia":[{"embeddable":true,"href":"https:\/\/www.radioluna.it\/news\/wp-json\/wp\/v2\/media\/237847"}],"wp:attachment":[{"href":"https:\/\/www.radioluna.it\/news\/wp-json\/wp\/v2\/media?parent=237843"}],"wp:term":[{"taxonomy":"category","embeddable":true,"href":"https:\/\/www.radioluna.it\/news\/wp-json\/wp\/v2\/categories?post=237843"},{"taxonomy":"post_tag","embeddable":true,"href":"https:\/\/www.radioluna.it\/news\/wp-json\/wp\/v2\/tags?post=237843"}],"curies":[{"name":"wp","href":"https:\/\/api.w.org\/{rel}","templated":true}]}}