{"id":238063,"date":"2019-01-15T14:23:29","date_gmt":"2019-01-15T13:23:29","guid":{"rendered":"https:\/\/www.radioluna.it\/news\/?p=238063"},"modified":"2019-01-16T09:18:27","modified_gmt":"2019-01-16T08:18:27","slug":"latina-via-ai-lavori-allex-albergo-italia-di-piazza-del-popolo","status":"publish","type":"post","link":"https:\/\/www.radioluna.it\/news\/2019\/01\/latina-via-ai-lavori-allex-albergo-italia-di-piazza-del-popolo\/","title":{"rendered":"Latina, via ai lavori all&#8217;ex Albergo Italia di Piazza del Popolo"},"content":{"rendered":"<div id=\"fb-root\"><\/div>\n<p style=\"text-align: justify;\"><strong>LATINA<\/strong> &#8211; Liberare alcuni uffici del palazzo Pegasol dove si paga un affitto caro e spostarli in una sede comunale. Riqualificare un edificio di Fondazione. Sono partiti oggi con questi due obiettivi,\u00a0 i lavori per la ristrutturazione dello storico ex Albergo Italiain Piazza\u00a0 del Popolo.<\/p>\n<p>\u00abDopo un lungo periodo di progettazione, il 2019 sar\u00e0 l&#8217;anno dei cantieri \u2013\u00a0commenta l&#8217;Assessore al Patrimonio e ai Lavori Pubblici Emilio Ranieri \u2013 Con questi lavori raggiungiamo un duplice obiettivo: ridare vita a un edificio storico che \u00e8 patrimonio di questa citt\u00e0 e trasferire alcuni uffici comunali dal palazzo Pegasol di Via Duca del Mare, abbattendo cos\u00ec un&#8217;importante parte delle locazioni passive dell&#8217;Ente\u00bb. L&#8217;impegno di spesa complessivo per il Comune ammonta a 265.466,96 euro e, salvo imprevisti, l&#8217;opera di restyling sar\u00e0 conclusa entro 4 mesi.<\/p>\n<p style=\"text-align: justify;\">I locali diventeranno ad uso ufficio, con interventi che riguarderanno in prevalenza l&#8217;impiantistica (impianti elettrici, idrici, termici, reti LAN ed internet) oltre a opere edili per servizi igienico-sanitari, infissi interni, rifacimento di parte della pavimentazione e tinteggiatura interna.<\/p>\n<p style=\"text-align: justify;\">&#8220;La sistemazione di questi uffici, da anni ormai inagibili, permetter\u00e0 all\u2019amministrazione di risparmiare sull\u2019affitto degli uffici presenti al palazzo Pegasol oltre 170.000 mila euro all&#8217;anno &#8211;\u00a0 spiega il capogruppo di Lbc, Dario Bellini &#8211;\u00a0 Sono almeno 15 anni che si parla di questo semplice risparmio che qualsiasi buon padre di famiglia opererebbe&#8221;. La spesa totale per i lavori di ristrutturazione \u00e8 di 265.000 euro.<\/p>\n","protected":false},"excerpt":{"rendered":"<p>LATINA &#8211; Liberare alcuni uffici del palazzo Pegasol dove si paga un affitto caro e spostarli in una sede comunale. Riqualificare un edificio di Fondazione. Sono partiti oggi con questi due obiettivi,\u00a0 i lavori per la ristrutturazione dello storico ex Albergo Italiain Piazza\u00a0 del Popolo. \u00abDopo un lungo periodo di progettazione, il 2019 sar\u00e0 l&#8217;anno [&hellip;]<\/p>\n","protected":false},"author":62,"featured_media":238086,"comment_status":"open","ping_status":"open","sticky":false,"template":"","format":"standard","meta":{"footnotes":""},"categories":[7,2403],"tags":[],"class_list":["post-238063","post","type-post","status-publish","format-standard","has-post-thumbnail","hentry","category-cronaca","category-le-cose-in-comune"],"_links":{"self":[{"href":"https:\/\/www.radioluna.it\/news\/wp-json\/wp\/v2\/posts\/238063","targetHints":{"allow":["GET"]}}],"collection":[{"href":"https:\/\/www.radioluna.it\/news\/wp-json\/wp\/v2\/posts"}],"about":[{"href":"https:\/\/www.radioluna.it\/news\/wp-json\/wp\/v2\/types\/post"}],"author":[{"embeddable":true,"href":"https:\/\/www.radioluna.it\/news\/wp-json\/wp\/v2\/users\/62"}],"replies":[{"embeddable":true,"href":"https:\/\/www.radioluna.it\/news\/wp-json\/wp\/v2\/comments?post=238063"}],"version-history":[{"count":0,"href":"https:\/\/www.radioluna.it\/news\/wp-json\/wp\/v2\/posts\/238063\/revisions"}],"wp:featuredmedia":[{"embeddable":true,"href":"https:\/\/www.radioluna.it\/news\/wp-json\/wp\/v2\/media\/238086"}],"wp:attachment":[{"href":"https:\/\/www.radioluna.it\/news\/wp-json\/wp\/v2\/media?parent=238063"}],"wp:term":[{"taxonomy":"category","embeddable":true,"href":"https:\/\/www.radioluna.it\/news\/wp-json\/wp\/v2\/categories?post=238063"},{"taxonomy":"post_tag","embeddable":true,"href":"https:\/\/www.radioluna.it\/news\/wp-json\/wp\/v2\/tags?post=238063"}],"curies":[{"name":"wp","href":"https:\/\/api.w.org\/{rel}","templated":true}]}}