{"id":238096,"date":"2019-01-19T09:22:26","date_gmt":"2019-01-19T08:22:26","guid":{"rendered":"https:\/\/www.radioluna.it\/news\/?p=238096"},"modified":"2019-01-20T18:28:36","modified_gmt":"2019-01-20T17:28:36","slug":"la-latina-invisibile-che-integra-e-risana-in-un-doc-di-massimo-ferrari","status":"publish","type":"post","link":"https:\/\/www.radioluna.it\/news\/2019\/01\/la-latina-invisibile-che-integra-e-risana-in-un-doc-di-massimo-ferrari\/","title":{"rendered":"La Latina invisibile che integra e risana in un doc di Massimo Ferrari"},"content":{"rendered":"<div id=\"fb-root\"><\/div>\n<p style=\"text-align: justify;\"><strong>LATINA<\/strong> &#8211; C&#8217;\u00e8 una professoressa che ha ospitato in casa una donna immigrata, le difficolt\u00e0 fra loro e\u00a0 il rapporto che ne \u00e8 nato. C&#8217;\u00e8 un uomo che ha aperto le porte ad un giovane rifugiato per insegnargli l&#8217;italiano e ha messo in circolo libri. C&#8217;\u00e8 la sartoria sociale divenuta modello, l&#8217;Atelier Achantus, iniziativa della cooperativa Astrolabio, esperienza esportata di recente anche a Milano. <a href=\"https:\/\/www.radioluna.it\/news\/2017\/06\/achantus-quando-il-viaggio-porta-alla-meta-a-latina-la-sartoria-sociale-dei-rifugiati\/?fbclid=IwAR2_alWZRZFNgVREGc98i6rS0v0dyqsoOE2F6qQ1WAwxcSA-TAQt5d74T0Y\">Un laboratorio sociale sartoriale in cui hanno trovato occupazione\u00a0 artigiani provenienti dall&#8217;Africa e dal Medio-Oriente.<\/a>. Storie-simbolo di un&#8217;accoglienza, anche privata, per raccontare la Latina spesso invisibile,\u00a0 quella che non ha paura di tendere la mano. Li vedremo domenica 20 gennaio su Tv 2000 nel doc del regista di Latina Massimo Ferrari e Gaia Capurso dedicato al capoluogo pontino &#8220;Latina Citt\u00e0 della Bellezza&#8221;, quarto della serie Citt\u00e0 Invisibili composto da 7 documentari che vogliono\u00a0 raccontare altrettanti luoghi italiani divenuti modello di accoglienza e integrazione, dove la convivenza non \u00e8 solo possibile, ma \u00e8 realt\u00e0. Un seguito di <em>Dove vanno le Nuvole.<\/em><\/p>\n<p style=\"text-align: justify;\"><strong>&#8220;Il nostro tentativo\u00a0 &#8211; spiega il regista\u00a0 &#8211; \u00e8 stato quello di far capire come nella pratica le cose possono essere pi\u00f9 semplici di quanto non si pensi, di rendere visibile l&#8217;invisibile in modo tale che la cronaca, oltre a tutto quello di cui parla,\u00a0 possa parlare anche di questo. Insomma un racconto che non nega i problemi ma fa vedere le possibilit\u00e0&#8221;.\u00a0\u00a0<\/strong><\/p>\n<audio class=\"wp-audio-shortcode\" id=\"audio-238096-1\" preload=\"none\" style=\"width: 100%;\" controls=\"controls\"><source type=\"audio\/mpeg\" src=\"https:\/\/www.radioluna.it\/news\/wp-content\/uploads\/2019\/01\/massimo-ferrari-citt\u00e0-invisibili.mp3?_=1\" \/><a href=\"https:\/\/www.radioluna.it\/news\/wp-content\/uploads\/2019\/01\/massimo-ferrari-citt\u00e0-invisibili.mp3\">https:\/\/www.radioluna.it\/news\/wp-content\/uploads\/2019\/01\/massimo-ferrari-citt\u00e0-invisibili.mp3<\/a><\/audio>\n<p style=\"text-align: justify;\">Il doc \u00e8 stato girato con un team quasi interamente latinense: con Ferrari e Capurso che firmano la regia,\u00a0 ha lavorato alla direzione della fotografia Enrico De Divitiis; la voce narrante di tutta la serie \u00e8 dell&#8217;attrice di Latina Giada Prandi; le musiche originali sono del musicista pontino Francesco Ruggero.<\/p>\n<p style=\"text-align: justify;\">La puntata dedicata a Latina\u00a0 &#8211; Citt\u00e0 della Bellezza\u00a0 &#8211; \u00e8 la quarta dopo\u00a0 La citt\u00e0 diffusa- Belluno; La citt\u00e0 che canta- Benevento e La citt\u00e0 di Frontiere- Como.\u00a0 Seguiranno\u00a0 La citt\u00e0 modello- Pettinengo (Biella); Il progetto Gustamondo- Roma; La valle accogliente- Val Camonica (Brescia) .<\/p>\n<p>&nbsp;<\/p>\n","protected":false},"excerpt":{"rendered":"<p>LATINA &#8211; C&#8217;\u00e8 una professoressa che ha ospitato in casa una donna immigrata, le difficolt\u00e0 fra loro e\u00a0 il rapporto che ne \u00e8 nato. C&#8217;\u00e8 un uomo che ha aperto le porte ad un giovane rifugiato per insegnargli l&#8217;italiano e ha messo in circolo libri. C&#8217;\u00e8 la sartoria sociale divenuta modello, l&#8217;Atelier Achantus, iniziativa della [&hellip;]<\/p>\n","protected":false},"author":62,"featured_media":238394,"comment_status":"open","ping_status":"open","sticky":false,"template":"","format":"standard","meta":{"footnotes":""},"categories":[2310,15],"tags":[],"class_list":["post-238096","post","type-post","status-publish","format-standard","has-post-thumbnail","hentry","category-audio","category-cultura"],"_links":{"self":[{"href":"https:\/\/www.radioluna.it\/news\/wp-json\/wp\/v2\/posts\/238096","targetHints":{"allow":["GET"]}}],"collection":[{"href":"https:\/\/www.radioluna.it\/news\/wp-json\/wp\/v2\/posts"}],"about":[{"href":"https:\/\/www.radioluna.it\/news\/wp-json\/wp\/v2\/types\/post"}],"author":[{"embeddable":true,"href":"https:\/\/www.radioluna.it\/news\/wp-json\/wp\/v2\/users\/62"}],"replies":[{"embeddable":true,"href":"https:\/\/www.radioluna.it\/news\/wp-json\/wp\/v2\/comments?post=238096"}],"version-history":[{"count":0,"href":"https:\/\/www.radioluna.it\/news\/wp-json\/wp\/v2\/posts\/238096\/revisions"}],"wp:featuredmedia":[{"embeddable":true,"href":"https:\/\/www.radioluna.it\/news\/wp-json\/wp\/v2\/media\/238394"}],"wp:attachment":[{"href":"https:\/\/www.radioluna.it\/news\/wp-json\/wp\/v2\/media?parent=238096"}],"wp:term":[{"taxonomy":"category","embeddable":true,"href":"https:\/\/www.radioluna.it\/news\/wp-json\/wp\/v2\/categories?post=238096"},{"taxonomy":"post_tag","embeddable":true,"href":"https:\/\/www.radioluna.it\/news\/wp-json\/wp\/v2\/tags?post=238096"}],"curies":[{"name":"wp","href":"https:\/\/api.w.org\/{rel}","templated":true}]}}