{"id":238125,"date":"2019-01-16T08:38:47","date_gmt":"2019-01-16T07:38:47","guid":{"rendered":"https:\/\/www.radioluna.it\/news\/?p=238125"},"modified":"2019-01-16T08:38:47","modified_gmt":"2019-01-16T07:38:47","slug":"processo-arpalo-il-giudice-ammette-a-testimoniare-i-pentiti-pugliese-e-riccardo","status":"publish","type":"post","link":"https:\/\/www.radioluna.it\/news\/2019\/01\/processo-arpalo-il-giudice-ammette-a-testimoniare-i-pentiti-pugliese-e-riccardo\/","title":{"rendered":"Processo Arpalo, il giudice ammette a testimoniare i pentiti Pugliese e Riccardo"},"content":{"rendered":"<div id=\"fb-root\"><\/div>\n<p style=\"text-align: justify;\"><strong>LATINA<\/strong> &#8211;\u00a0Battaglia tra accusa e difesa in Tribunale a Latina nel processo Arpalo, nell&#8217;udienza celebrata per la prima volta alla presenza del principale imputato, l&#8217;ex parlamentare di Fratelli D&#8217;Italia ed ex presidente dell&#8217;Us Latina Calcio, Pasquale Maietta che deve rispondere di bancarotta fraudolenta e riciclaggio transnazionale di valori per cifre milionarie oltre che di reati societari. Maietta, arrestato ad aprile scorso, per Natale \u00e8 tornato a casa, agli arresti domiciliari, e ha ottenuto il permesso di raggiungere il Tribunale\u00a0 in autonomia in occasione delle udienze. Cos\u00ec ha fatto marted\u00ec pomeriggio quando si \u00e8 presentato a palazzo di giustizia per la ripresa del\u00a0 processo in programma alle 15. Un accompagnatore dell&#8217;imputato ha minacciato un fotografo che faceva il suo lavoro.<\/p>\n<p style=\"text-align: justify;\">Pi\u00f9 di tre ore di aula e altrettante di camera di consiglio per decidere, solo alle 21 il giudice Francesco Valentini si \u00e8 pronunciato sull&#8217;ammissibilit\u00e0 dei 50 testi e sull&#8217;utilizzabilit\u00e0 delle intercettazioni telefoniche.<\/p>\n<p style=\"text-align: justify;\">Due le novit\u00e0 principali emerse dall&#8217;udienza, la terza dall&#8217;inizio del processo: per utilizzare le intercettazioni telefoniche i pm Spinelli, De Lazzaro e Bontempo dovranno chiedere l&#8217;autorizzazione alla Camera dal momento che all&#8217;epoca in cui avvenivano i fatti all&#8217;attenzione del processo, Maietta era Deputato della Repubblica. Non \u00e8 bastato alla pubblica accusa sostenere che le intercettazioni sono state casuali, mentre si intercettavano altri indagati, e che sono state interrotte immediatamente quando la Procura si \u00e8 accorta che si ripetevano.<\/p>\n<p style=\"text-align: justify;\">A vantaggio dell&#8217;accusa invece l&#8217;altra novit\u00e0 importante: sono stati infatti ammessi a testimoniare tutti i testi e anche i due pentiti, Renato Pugliese, figlio di Costantino Di Silvio detto Cha Cha, e Agostino Riccardo. Nulla hanno potuto le difese che si sono opposte strenuamente. Si torna in aula fra un mese, il prossimo 19 febbraio.<\/p>\n","protected":false},"excerpt":{"rendered":"<p>LATINA &#8211;\u00a0Battaglia tra accusa e difesa in Tribunale a Latina nel processo Arpalo, nell&#8217;udienza celebrata per la prima volta alla presenza del principale imputato, l&#8217;ex parlamentare di Fratelli D&#8217;Italia ed ex presidente dell&#8217;Us Latina Calcio, Pasquale Maietta che deve rispondere di bancarotta fraudolenta e riciclaggio transnazionale di valori per cifre milionarie oltre che di reati [&hellip;]<\/p>\n","protected":false},"author":62,"featured_media":169006,"comment_status":"open","ping_status":"open","sticky":false,"template":"","format":"standard","meta":{"footnotes":""},"categories":[7],"tags":[],"class_list":["post-238125","post","type-post","status-publish","format-standard","has-post-thumbnail","hentry","category-cronaca"],"_links":{"self":[{"href":"https:\/\/www.radioluna.it\/news\/wp-json\/wp\/v2\/posts\/238125","targetHints":{"allow":["GET"]}}],"collection":[{"href":"https:\/\/www.radioluna.it\/news\/wp-json\/wp\/v2\/posts"}],"about":[{"href":"https:\/\/www.radioluna.it\/news\/wp-json\/wp\/v2\/types\/post"}],"author":[{"embeddable":true,"href":"https:\/\/www.radioluna.it\/news\/wp-json\/wp\/v2\/users\/62"}],"replies":[{"embeddable":true,"href":"https:\/\/www.radioluna.it\/news\/wp-json\/wp\/v2\/comments?post=238125"}],"version-history":[{"count":0,"href":"https:\/\/www.radioluna.it\/news\/wp-json\/wp\/v2\/posts\/238125\/revisions"}],"wp:featuredmedia":[{"embeddable":true,"href":"https:\/\/www.radioluna.it\/news\/wp-json\/wp\/v2\/media\/169006"}],"wp:attachment":[{"href":"https:\/\/www.radioluna.it\/news\/wp-json\/wp\/v2\/media?parent=238125"}],"wp:term":[{"taxonomy":"category","embeddable":true,"href":"https:\/\/www.radioluna.it\/news\/wp-json\/wp\/v2\/categories?post=238125"},{"taxonomy":"post_tag","embeddable":true,"href":"https:\/\/www.radioluna.it\/news\/wp-json\/wp\/v2\/tags?post=238125"}],"curies":[{"name":"wp","href":"https:\/\/api.w.org\/{rel}","templated":true}]}}