{"id":238148,"date":"2019-01-17T12:11:19","date_gmt":"2019-01-17T11:11:19","guid":{"rendered":"https:\/\/www.radioluna.it\/news\/?p=238148"},"modified":"2019-01-18T07:53:49","modified_gmt":"2019-01-18T06:53:49","slug":"laccio-dirige-la-stagione-di-danza-del-fellini-di-pontinia","status":"publish","type":"post","link":"https:\/\/www.radioluna.it\/news\/2019\/01\/laccio-dirige-la-stagione-di-danza-del-fellini-di-pontinia\/","title":{"rendered":"Laccio dirige la stagione di danza del Fellini di Pontinia"},"content":{"rendered":"<div id=\"fb-root\"><\/div>\n<p style=\"text-align: justify;\"><strong>PONTINIA<\/strong> &#8211; Prende il via sabato al teatro Fellini di Pontinia la Stagione di danza curata e diretta da Laccio. Il ballerino e coreografo di Latina, direttore artistico in alcuni dei programmi pi\u00f9 in vista della tv,\u00a0 propone per ogni compagnia ospitata, un workshop il giorno successivo allo spettacolo: &#8220;Per permettere di avvicinare e conoscere in maniera diretta il lavoro dei singoli coreografi e dei danzatori&#8221;, spiega il direttore del teatro Clemente Pernarella.<\/p>\n<p style=\"text-align: justify;\">&#8220;Non potevo tirarmi indietro, \u00e8 un bel progetto e nella mia terra&#8221;, ha detto Laccio intervistato da Francesca Balestrieri.<\/p>\n<p><strong>ASCOLTA<\/strong><\/p>\n<audio class=\"wp-audio-shortcode\" id=\"audio-238148-1\" preload=\"none\" style=\"width: 100%;\" controls=\"controls\"><source type=\"audio\/mpeg\" src=\"https:\/\/www.radioluna.it\/news\/wp-content\/uploads\/2019\/01\/laccio-pontinia.mp3?_=1\" \/><a href=\"https:\/\/www.radioluna.it\/news\/wp-content\/uploads\/2019\/01\/laccio-pontinia.mp3\">https:\/\/www.radioluna.it\/news\/wp-content\/uploads\/2019\/01\/laccio-pontinia.mp3<\/a><\/audio>\n<p style=\"text-align: justify;\">Si comincia il 19 gennaio alle 21 con PROTOGONOS con la compagnia di danza Due di Tre per la regia di Vittoria Franchina, Michela Priuli, Elena Valdetara.\u00a0 Lo spettacolo racconta la fine di un\u2019epoca durata millenni e la possibilit\u00e0 di un nuovo inizio si sfiorano lungo una linea di confine che la memoria del passato cerca di assottigliare il pi\u00f9 possibile. In questo nuovo inizio, Protogonos, il primo nato, \u00e8 chiamato a scegliere cosa porre al riparo e cosa destinare ad un eterno oblio.<br \/>\nDomenica 20 gennaio si terr\u00e0 il workshop di danza contemporanea con la compagnia Due di Tre\u00a0tenuto da Michela Priuli presso il Teatro Fellini di Pontinia dalle ore 10.00 alle ore 12.00.<br \/>\nIl workshop \u00e8 aperto a tutti previa prenotazione.<\/p>\n<p>INFO e PRENOTAZIONI<br \/>\n392 540 7500<br \/>\nhttp:\/\/www.fellinipontinia.it\/info\/#contatti<\/p>\n<div class=\"radio-posizionamento-telefono-in-articoli-dopo-il-contenuto-articolo radio-entity-placement\" id=\"radio-2982377265\"><div id=\"radio-1534301416\"><a href=\"https:\/\/www.simeoneceramiche.com\/\" aria-label=\"SIMEONE CERAMICHE GIF animata per radioluna_Tavola disegno 1 copia 2 (online-video-cutter.com)\"><img loading=\"lazy\" decoding=\"async\" src=\"https:\/\/www.radioluna.it\/news\/wp-content\/uploads\/2025\/05\/SIMEONE-CERAMICHE-GIF-animata-per-radioluna_Tavola-disegno-1-copia-2-online-video-cutter.com_.gif\" alt=\"\"  width=\"300\" height=\"250\"   \/><\/a><\/div><\/div>","protected":false},"excerpt":{"rendered":"<p>PONTINIA &#8211; Prende il via sabato al teatro Fellini di Pontinia la Stagione di danza curata e diretta da Laccio. Il ballerino e coreografo di Latina, direttore artistico in alcuni dei programmi pi\u00f9 in vista della tv,\u00a0 propone per ogni compagnia ospitata, un workshop il giorno successivo allo spettacolo: &#8220;Per permettere di avvicinare e conoscere [&hellip;]<\/p>\n","protected":false},"author":62,"featured_media":238150,"comment_status":"open","ping_status":"open","sticky":false,"template":"","format":"standard","meta":{"footnotes":""},"categories":[16,2310],"tags":[],"class_list":["post-238148","post","type-post","status-publish","format-standard","has-post-thumbnail","hentry","category-appuntamenti","category-audio"],"_links":{"self":[{"href":"https:\/\/www.radioluna.it\/news\/wp-json\/wp\/v2\/posts\/238148","targetHints":{"allow":["GET"]}}],"collection":[{"href":"https:\/\/www.radioluna.it\/news\/wp-json\/wp\/v2\/posts"}],"about":[{"href":"https:\/\/www.radioluna.it\/news\/wp-json\/wp\/v2\/types\/post"}],"author":[{"embeddable":true,"href":"https:\/\/www.radioluna.it\/news\/wp-json\/wp\/v2\/users\/62"}],"replies":[{"embeddable":true,"href":"https:\/\/www.radioluna.it\/news\/wp-json\/wp\/v2\/comments?post=238148"}],"version-history":[{"count":0,"href":"https:\/\/www.radioluna.it\/news\/wp-json\/wp\/v2\/posts\/238148\/revisions"}],"wp:featuredmedia":[{"embeddable":true,"href":"https:\/\/www.radioluna.it\/news\/wp-json\/wp\/v2\/media\/238150"}],"wp:attachment":[{"href":"https:\/\/www.radioluna.it\/news\/wp-json\/wp\/v2\/media?parent=238148"}],"wp:term":[{"taxonomy":"category","embeddable":true,"href":"https:\/\/www.radioluna.it\/news\/wp-json\/wp\/v2\/categories?post=238148"},{"taxonomy":"post_tag","embeddable":true,"href":"https:\/\/www.radioluna.it\/news\/wp-json\/wp\/v2\/tags?post=238148"}],"curies":[{"name":"wp","href":"https:\/\/api.w.org\/{rel}","templated":true}]}}