{"id":238458,"date":"2019-01-21T14:14:40","date_gmt":"2019-01-21T13:14:40","guid":{"rendered":"https:\/\/www.radioluna.it\/news\/?p=238458"},"modified":"2019-01-22T11:06:23","modified_gmt":"2019-01-22T10:06:23","slug":"polizia-municipale-latina-celebra-san-sebastiano-con-gli-altri-comuni","status":"publish","type":"post","link":"https:\/\/www.radioluna.it\/news\/2019\/01\/polizia-municipale-latina-celebra-san-sebastiano-con-gli-altri-comuni\/","title":{"rendered":"Polizia Municipale, Latina celebra San Sebastiano con gli altri Comuni"},"content":{"rendered":"<div id=\"fb-root\"><\/div>\n<p><iframe loading=\"lazy\" title=\"San Sebastiano celebrazioni Latina 2019\" width=\"740\" height=\"416\" src=\"https:\/\/www.youtube.com\/embed\/jg0J72SLtyY?feature=oembed\" frameborder=\"0\" allow=\"accelerometer; autoplay; clipboard-write; encrypted-media; gyroscope; picture-in-picture; web-share\" referrerpolicy=\"strict-origin-when-cross-origin\" allowfullscreen><\/iframe><\/p>\n<p style=\"text-align: justify;\"><strong>LATINA<\/strong> &#8211; Questa mattina nella chiesa del Sacro Cuore a Latina si sono svolte le celebrazioni per la festivit\u00e0 di San Sebastiano patrono della polizia locale. Per la prima volta la ricorrenza ha visto uniti molti Comuni della provincia di Latina. E&#8217; stato il Comandante, Francesco Passaretti a sottolineare nel suo discorso l&#8217;importanza di festeggiare insieme: &#8220;Spero sia questo l&#8217;inizio di un percorso comune in una realt\u00e0, quella della polizia locale, che \u00e8 molto disgregata. Occorre mettere a sistema esperienze e professionalit\u00e0 ed \u00e8 arrivato il\u00a0 momento di approvare una legge di riforma della polizia locale&#8221;.<\/p>\n<p style=\"text-align: justify;\">In apertura, rivolto ai ragazzi delle scuole che hanno svolto con i vigili urbani un percorso di educazione stradale, il comandante della polizia Locale di Latina li ha invitati a mantenere intatto il loro entusiasmo e a lavorare per una societ\u00e0 pi\u00f9 giusta nella convinzione &#8211; ha aggiunto &#8211;\u00a0 &#8220;che sappiate\u00a0 coltivare meglio di noi i terreni della solidariet\u00e0 e della integrazione tra essere umani&#8221;.<\/p>\n<p>Un ringraziamento \u00e8 stato rivolto agli operatori del Corpo &#8220;spesso criticati ingiustamente&#8221;.<\/p>\n","protected":false},"excerpt":{"rendered":"<p>LATINA &#8211; Questa mattina nella chiesa del Sacro Cuore a Latina si sono svolte le celebrazioni per la festivit\u00e0 di San Sebastiano patrono della polizia locale. Per la prima volta la ricorrenza ha visto uniti molti Comuni della provincia di Latina. E&#8217; stato il Comandante, Francesco Passaretti a sottolineare nel suo discorso l&#8217;importanza di festeggiare [&hellip;]<\/p>\n","protected":false},"author":62,"featured_media":238493,"comment_status":"open","ping_status":"open","sticky":false,"template":"","format":"video","meta":{"footnotes":""},"categories":[735,2312],"tags":[],"class_list":["post-238458","post","type-post","status-publish","format-video","has-post-thumbnail","hentry","category-attualita","category-video","post_format-post-format-video"],"_links":{"self":[{"href":"https:\/\/www.radioluna.it\/news\/wp-json\/wp\/v2\/posts\/238458","targetHints":{"allow":["GET"]}}],"collection":[{"href":"https:\/\/www.radioluna.it\/news\/wp-json\/wp\/v2\/posts"}],"about":[{"href":"https:\/\/www.radioluna.it\/news\/wp-json\/wp\/v2\/types\/post"}],"author":[{"embeddable":true,"href":"https:\/\/www.radioluna.it\/news\/wp-json\/wp\/v2\/users\/62"}],"replies":[{"embeddable":true,"href":"https:\/\/www.radioluna.it\/news\/wp-json\/wp\/v2\/comments?post=238458"}],"version-history":[{"count":0,"href":"https:\/\/www.radioluna.it\/news\/wp-json\/wp\/v2\/posts\/238458\/revisions"}],"wp:featuredmedia":[{"embeddable":true,"href":"https:\/\/www.radioluna.it\/news\/wp-json\/wp\/v2\/media\/238493"}],"wp:attachment":[{"href":"https:\/\/www.radioluna.it\/news\/wp-json\/wp\/v2\/media?parent=238458"}],"wp:term":[{"taxonomy":"category","embeddable":true,"href":"https:\/\/www.radioluna.it\/news\/wp-json\/wp\/v2\/categories?post=238458"},{"taxonomy":"post_tag","embeddable":true,"href":"https:\/\/www.radioluna.it\/news\/wp-json\/wp\/v2\/tags?post=238458"}],"curies":[{"name":"wp","href":"https:\/\/api.w.org\/{rel}","templated":true}]}}