{"id":238462,"date":"2019-01-21T10:30:14","date_gmt":"2019-01-21T09:30:14","guid":{"rendered":"https:\/\/www.radioluna.it\/news\/?p=238462"},"modified":"2019-01-21T18:27:13","modified_gmt":"2019-01-21T17:27:13","slug":"latina-ciao-albero-di-natale-cominciato-lo-smontaggio","status":"publish","type":"post","link":"https:\/\/www.radioluna.it\/news\/2019\/01\/latina-ciao-albero-di-natale-cominciato-lo-smontaggio\/","title":{"rendered":"Latina, ciao Albero di Natale, cominciato lo smontaggio"},"content":{"rendered":"<div id=\"fb-root\"><\/div>\n<p style=\"text-align: justify;\"><strong>LATINA<\/strong> &#8211; Domenica sera per la prima volta \u00e8 apparso buio. Le luci erano spente e oggi puntuale \u00e8 cominciato lo smontaggio del grande albero di Natale installato al centro di Piazza del Popolo grazie alla generosit\u00e0 di un imprenditore di Latina. La citt\u00e0 razionalista torna alla sua essenzialit\u00e0, ma a pensarci bene fa un po&#8217; malinconia vederlo lasciare il suo posto. E&#8217; un vuoto. S\u00ec, perch\u00e9 dopo le prime perplessit\u00e0 sulla struttura metallica arrivata a sostituire un vero albero,\u00a0 la citt\u00e0 si \u00e8 affezionata a quel cono tutto luci. E allora: al prossimo Natale.<\/p>\n","protected":false},"excerpt":{"rendered":"<p>LATINA &#8211; Domenica sera per la prima volta \u00e8 apparso buio. Le luci erano spente e oggi puntuale \u00e8 cominciato lo smontaggio del grande albero di Natale installato al centro di Piazza del Popolo grazie alla generosit\u00e0 di un imprenditore di Latina. La citt\u00e0 razionalista torna alla sua essenzialit\u00e0, ma a pensarci bene fa un [&hellip;]<\/p>\n","protected":false},"author":62,"featured_media":238463,"comment_status":"open","ping_status":"open","sticky":false,"template":"","format":"standard","meta":{"footnotes":""},"categories":[735],"tags":[],"class_list":["post-238462","post","type-post","status-publish","format-standard","has-post-thumbnail","hentry","category-attualita"],"_links":{"self":[{"href":"https:\/\/www.radioluna.it\/news\/wp-json\/wp\/v2\/posts\/238462","targetHints":{"allow":["GET"]}}],"collection":[{"href":"https:\/\/www.radioluna.it\/news\/wp-json\/wp\/v2\/posts"}],"about":[{"href":"https:\/\/www.radioluna.it\/news\/wp-json\/wp\/v2\/types\/post"}],"author":[{"embeddable":true,"href":"https:\/\/www.radioluna.it\/news\/wp-json\/wp\/v2\/users\/62"}],"replies":[{"embeddable":true,"href":"https:\/\/www.radioluna.it\/news\/wp-json\/wp\/v2\/comments?post=238462"}],"version-history":[{"count":0,"href":"https:\/\/www.radioluna.it\/news\/wp-json\/wp\/v2\/posts\/238462\/revisions"}],"wp:featuredmedia":[{"embeddable":true,"href":"https:\/\/www.radioluna.it\/news\/wp-json\/wp\/v2\/media\/238463"}],"wp:attachment":[{"href":"https:\/\/www.radioluna.it\/news\/wp-json\/wp\/v2\/media?parent=238462"}],"wp:term":[{"taxonomy":"category","embeddable":true,"href":"https:\/\/www.radioluna.it\/news\/wp-json\/wp\/v2\/categories?post=238462"},{"taxonomy":"post_tag","embeddable":true,"href":"https:\/\/www.radioluna.it\/news\/wp-json\/wp\/v2\/tags?post=238462"}],"curies":[{"name":"wp","href":"https:\/\/api.w.org\/{rel}","templated":true}]}}