{"id":238592,"date":"2019-01-22T19:06:41","date_gmt":"2019-01-22T18:06:41","guid":{"rendered":"https:\/\/www.radioluna.it\/news\/?p=238592"},"modified":"2019-01-22T19:06:41","modified_gmt":"2019-01-22T18:06:41","slug":"avvocati-pontini-al-voto-per-rinnovare-il-consiglio","status":"publish","type":"post","link":"https:\/\/www.radioluna.it\/news\/2019\/01\/avvocati-pontini-al-voto-per-rinnovare-il-consiglio\/","title":{"rendered":"Avvocati pontini al voto per rinnovare il Consiglio"},"content":{"rendered":"<div id=\"fb-root\"><\/div>\n<p style=\"text-align: justify;\"><strong>LATINA<\/strong> &#8211;\u00a0Sono cominciate oggi le votazioni per il rinnovo del consiglio dell&#8217;ordine degli avvocati e del suo presidente. Leggermente in calo l&#8217;affluenza al seggio allestito nell&#8217;aula di Corte d&#8217;Assiste del tribunale di Latina dove si fronteggiano le liste Avvocatura Unita capitanata dal presidente uscente Giovanni Lauretti, Movimento Forense con a capo Chiara De Simone e Insieme per il Cambiamento guidata da Pierluigi Torelli. \u00a0Cinque gli outsider. I risultati dello scrutinio, che comincer\u00e0 nel primo pomeriggio di mercoled\u00ec, si dovrebbero conoscere gioved\u00ec mattina.<\/p>\n<div class=\"radio-posizionamento-telefono-in-articoli-dopo-il-contenuto-articolo radio-entity-placement\" id=\"radio-2042380160\"><div id=\"radio-3039478369\"><a href=\"https:\/\/grupporedi.it\/\" aria-label=\"Redi-Qr\"><img loading=\"lazy\" decoding=\"async\" src=\"https:\/\/www.radioluna.it\/news\/wp-content\/uploads\/2026\/03\/Redi-Qr.jpg\" alt=\"\"  srcset=\"https:\/\/www.radioluna.it\/news\/wp-content\/uploads\/2026\/03\/Redi-Qr.jpg 800w, https:\/\/www.radioluna.it\/news\/wp-content\/uploads\/2026\/03\/Redi-Qr-768x639.jpg 768w\" sizes=\"(max-width: 800px) 100vw, 800px\" width=\"300\" height=\"250\"   \/><\/a><\/div><\/div>","protected":false},"excerpt":{"rendered":"<p>LATINA &#8211;\u00a0Sono cominciate oggi le votazioni per il rinnovo del consiglio dell&#8217;ordine degli avvocati e del suo presidente. Leggermente in calo l&#8217;affluenza al seggio allestito nell&#8217;aula di Corte d&#8217;Assiste del tribunale di Latina dove si fronteggiano le liste Avvocatura Unita capitanata dal presidente uscente Giovanni Lauretti, Movimento Forense con a capo Chiara De Simone e [&hellip;]<\/p>\n","protected":false},"author":62,"featured_media":238593,"comment_status":"open","ping_status":"open","sticky":false,"template":"","format":"standard","meta":{"footnotes":""},"categories":[735],"tags":[],"class_list":["post-238592","post","type-post","status-publish","format-standard","has-post-thumbnail","hentry","category-attualita"],"_links":{"self":[{"href":"https:\/\/www.radioluna.it\/news\/wp-json\/wp\/v2\/posts\/238592","targetHints":{"allow":["GET"]}}],"collection":[{"href":"https:\/\/www.radioluna.it\/news\/wp-json\/wp\/v2\/posts"}],"about":[{"href":"https:\/\/www.radioluna.it\/news\/wp-json\/wp\/v2\/types\/post"}],"author":[{"embeddable":true,"href":"https:\/\/www.radioluna.it\/news\/wp-json\/wp\/v2\/users\/62"}],"replies":[{"embeddable":true,"href":"https:\/\/www.radioluna.it\/news\/wp-json\/wp\/v2\/comments?post=238592"}],"version-history":[{"count":0,"href":"https:\/\/www.radioluna.it\/news\/wp-json\/wp\/v2\/posts\/238592\/revisions"}],"wp:featuredmedia":[{"embeddable":true,"href":"https:\/\/www.radioluna.it\/news\/wp-json\/wp\/v2\/media\/238593"}],"wp:attachment":[{"href":"https:\/\/www.radioluna.it\/news\/wp-json\/wp\/v2\/media?parent=238592"}],"wp:term":[{"taxonomy":"category","embeddable":true,"href":"https:\/\/www.radioluna.it\/news\/wp-json\/wp\/v2\/categories?post=238592"},{"taxonomy":"post_tag","embeddable":true,"href":"https:\/\/www.radioluna.it\/news\/wp-json\/wp\/v2\/tags?post=238592"}],"curies":[{"name":"wp","href":"https:\/\/api.w.org\/{rel}","templated":true}]}}