{"id":238629,"date":"2019-01-23T11:01:20","date_gmt":"2019-01-23T10:01:20","guid":{"rendered":"https:\/\/www.radioluna.it\/news\/?p=238629"},"modified":"2019-01-24T13:33:57","modified_gmt":"2019-01-24T12:33:57","slug":"ciao-giancarlo-giornalista-a-latina-negli-anni-di-battisti","status":"publish","type":"post","link":"https:\/\/www.radioluna.it\/news\/2019\/01\/ciao-giancarlo-giornalista-a-latina-negli-anni-di-battisti\/","title":{"rendered":"Ciao Giancarlo, giornalista a Latina negli anni di Battisti"},"content":{"rendered":"<div id=\"fb-root\"><\/div>\n<p style=\"text-align: justify;\"><strong>LATINA<\/strong> &#8211; Chi pratica il giornalismo e frequenta i giornalisti a Latina non pu\u00f2 non ricordarlo, Giancarlo Minicucci, 67 anni da compiere i primi di febbraio. Ma non ci \u00e8 arrivato. Si \u00e8 spento questa mattina nell&#8217;ospedale di Tricase in Puglia, dove era ricoverato da qualche giorno dopo un malore che lo aveva costretto ad un&#8217;intervento d&#8217;urgenza. Solo qualche giorno fa <em>Il Messaggero<\/em>\u00a0aveva ripubblicato un suo vecchio articolo scritto per la pagina locale, quando era praticante, vice della redazione di Latina. Era la cronaca di una rapina compiuta a Sabaudia da Cesare Battisti, quando l&#8217;ex leader dei Pac arrestato alcuni giorni fa in Bolivia, cominciava la sua carriera criminale.<\/p>\n<p style=\"text-align: justify;\">Me lo ricordo a quei tempi, Giancarlo, con la Giulietta e la racchetta di legno nel portabagagli, sempre pronto per una partita. Fumatore incallito. Allora nelle redazioni decentrate si faceva gavetta, per poi diventare inviati, capi dei servizi, direttori. Proprio come aveva fatto lui, lasciando dopo una lunga carriera, la sede centrale del Messaggero al Tritone per dirigere il Nuovo Quotidiano di Puglia entrato a far parte dello stesso Gruppo editoriale. Poi l&#8217;ultima esperienza a Roma prima della pensione.<\/p>\n<p style=\"text-align: justify;\">Polemico e battagliero \u00e8 stato il suo ultimo post autografo su Fb per gli auguri di Buon Anno: &#8220;S&#8217;annunciano contromessaggi di fine anno. Bene, spero che ce ne sia uno per ogni rete. Magari anche su quella schifezza di Dazn. Pi\u00f9 gente li ascolter\u00e0, prima si capir\u00e0 in mano a chi siamo finiti. Per il resto Auguri a tutti voi e ai vostri cari. Con la speranza che la &#8220;manovra del tartufo al popolo&#8221; resti in gola a questa massa di cialtroni incompetenti e ignoranti.<br \/>\nps. Un pensiero a tutti gli amici e colleghi (quanti!) che ci hanno lasciato in questo 2018&#8243;.<\/p>\n<p style=\"text-align: justify;\">Ora ci hai lascito tu. E allora un pensiero, per quanto possa contare, lo mando io a te, Giancarlo, perch\u00e9 sei tra quelli che mi hanno fatto voler bene a questo lavoro. E come dice un collega:\u00a0Ciao Kojak, ti teniamo con noi.<\/p>\n<p>Per volont\u00e0 di Giancarlo, come hanno comunicato la moglie e i tre figli, non ci sar\u00e0 alcuna funzione religiosa.<\/p>\n","protected":false},"excerpt":{"rendered":"<p>LATINA &#8211; Chi pratica il giornalismo e frequenta i giornalisti a Latina non pu\u00f2 non ricordarlo, Giancarlo Minicucci, 67 anni da compiere i primi di febbraio. Ma non ci \u00e8 arrivato. Si \u00e8 spento questa mattina nell&#8217;ospedale di Tricase in Puglia, dove era ricoverato da qualche giorno dopo un malore che lo aveva costretto ad [&hellip;]<\/p>\n","protected":false},"author":62,"featured_media":238633,"comment_status":"open","ping_status":"open","sticky":false,"template":"","format":"standard","meta":{"footnotes":""},"categories":[7],"tags":[],"class_list":["post-238629","post","type-post","status-publish","format-standard","has-post-thumbnail","hentry","category-cronaca"],"_links":{"self":[{"href":"https:\/\/www.radioluna.it\/news\/wp-json\/wp\/v2\/posts\/238629","targetHints":{"allow":["GET"]}}],"collection":[{"href":"https:\/\/www.radioluna.it\/news\/wp-json\/wp\/v2\/posts"}],"about":[{"href":"https:\/\/www.radioluna.it\/news\/wp-json\/wp\/v2\/types\/post"}],"author":[{"embeddable":true,"href":"https:\/\/www.radioluna.it\/news\/wp-json\/wp\/v2\/users\/62"}],"replies":[{"embeddable":true,"href":"https:\/\/www.radioluna.it\/news\/wp-json\/wp\/v2\/comments?post=238629"}],"version-history":[{"count":0,"href":"https:\/\/www.radioluna.it\/news\/wp-json\/wp\/v2\/posts\/238629\/revisions"}],"wp:featuredmedia":[{"embeddable":true,"href":"https:\/\/www.radioluna.it\/news\/wp-json\/wp\/v2\/media\/238633"}],"wp:attachment":[{"href":"https:\/\/www.radioluna.it\/news\/wp-json\/wp\/v2\/media?parent=238629"}],"wp:term":[{"taxonomy":"category","embeddable":true,"href":"https:\/\/www.radioluna.it\/news\/wp-json\/wp\/v2\/categories?post=238629"},{"taxonomy":"post_tag","embeddable":true,"href":"https:\/\/www.radioluna.it\/news\/wp-json\/wp\/v2\/tags?post=238629"}],"curies":[{"name":"wp","href":"https:\/\/api.w.org\/{rel}","templated":true}]}}