{"id":238669,"date":"2019-01-23T13:01:44","date_gmt":"2019-01-23T12:01:44","guid":{"rendered":"https:\/\/www.radioluna.it\/news\/?p=238669"},"modified":"2019-01-23T13:12:23","modified_gmt":"2019-01-23T12:12:23","slug":"a-latina-arriva-il-bibliohub-per-insegnare-ai-bambini-il-piacere-della-lettura","status":"publish","type":"post","link":"https:\/\/www.radioluna.it\/news\/2019\/01\/a-latina-arriva-il-bibliohub-per-insegnare-ai-bambini-il-piacere-della-lettura\/","title":{"rendered":"A Latina arriva il BiblioHub per insegnare ai bambini il piacere della lettura"},"content":{"rendered":"<div id=\"fb-root\"><\/div>\n<p style=\"text-align: justify;\"><strong>LATINA<\/strong> &#8211; Qualcuno oggi a Latina si sar\u00e0 imbattuto nel BiblioHub la biblioteca mobile dell\u2019AIB, progettata da AlterStudio e presentata alla Biennale di Venezia del 2015.\u00a0 Fa parte del progetto omonimo, che prevede \u00a0 una serie di incontri con scrittori, illustratori ed esperti, di letture e di laboratori per bambini, insomma, \u00e8 una biblioteca mobile in viaggio per le biblioteche del Lazio.<\/p>\n<p style=\"text-align: justify;\">A Latina il suo passaggio segna il ritorno di\u00a0Nati per Leggere. Nella Biblioteca Aldo Manuzio di Latina, si \u00e8 tenuto questa mattina l&#8217;incontro &#8220;Piccoli lettori, grandi visioni&#8221; con la scrittrice Antonella Abbatiello, autrice molto apprezzata nell\u2019ambito della letteratura dell\u2019infanzia. Poi, nel pomeriggio, alle 16.30 agli adulti \u00e8 esteso l&#8217;invito a partecipare all&#8217;incontro-dibattito con interventi di Silvio Di Francia, Assessore alla cultura del Comune di Latina, Gianmarco Proietti, Assessore al bilancio e alla scuola, Cristina Leggio, Assessore alle politiche giovanili, e Chiara De Vecchis, Presidente AIB Lazio.<\/p>\n<p>\u00abL&#8217;intera iniziativa gravita intorno alle biblioteche comunali che &#8211; fanno sapere dalla Regione Lazio, promotrice dell\u2019inizativa, &#8211; dalle pi\u00f9 grandi alle pi\u00f9 piccole, veri pres\u00ecdi del libro e della lettura e ai bibliotecari che portano nel loro lavoro quotidiano l&#8217;energia e il fermento per mantenere sempre viva e in costante evoluzione la relazione tra i bambini e i ragazzi e i libri\u00bb.<\/p>\n","protected":false},"excerpt":{"rendered":"<p>LATINA &#8211; Qualcuno oggi a Latina si sar\u00e0 imbattuto nel BiblioHub la biblioteca mobile dell\u2019AIB, progettata da AlterStudio e presentata alla Biennale di Venezia del 2015.\u00a0 Fa parte del progetto omonimo, che prevede \u00a0 una serie di incontri con scrittori, illustratori ed esperti, di letture e di laboratori per bambini, insomma, \u00e8 una biblioteca mobile [&hellip;]<\/p>\n","protected":false},"author":62,"featured_media":238670,"comment_status":"open","ping_status":"open","sticky":false,"template":"","format":"standard","meta":{"footnotes":""},"categories":[15],"tags":[],"class_list":["post-238669","post","type-post","status-publish","format-standard","has-post-thumbnail","hentry","category-cultura"],"_links":{"self":[{"href":"https:\/\/www.radioluna.it\/news\/wp-json\/wp\/v2\/posts\/238669","targetHints":{"allow":["GET"]}}],"collection":[{"href":"https:\/\/www.radioluna.it\/news\/wp-json\/wp\/v2\/posts"}],"about":[{"href":"https:\/\/www.radioluna.it\/news\/wp-json\/wp\/v2\/types\/post"}],"author":[{"embeddable":true,"href":"https:\/\/www.radioluna.it\/news\/wp-json\/wp\/v2\/users\/62"}],"replies":[{"embeddable":true,"href":"https:\/\/www.radioluna.it\/news\/wp-json\/wp\/v2\/comments?post=238669"}],"version-history":[{"count":0,"href":"https:\/\/www.radioluna.it\/news\/wp-json\/wp\/v2\/posts\/238669\/revisions"}],"wp:featuredmedia":[{"embeddable":true,"href":"https:\/\/www.radioluna.it\/news\/wp-json\/wp\/v2\/media\/238670"}],"wp:attachment":[{"href":"https:\/\/www.radioluna.it\/news\/wp-json\/wp\/v2\/media?parent=238669"}],"wp:term":[{"taxonomy":"category","embeddable":true,"href":"https:\/\/www.radioluna.it\/news\/wp-json\/wp\/v2\/categories?post=238669"},{"taxonomy":"post_tag","embeddable":true,"href":"https:\/\/www.radioluna.it\/news\/wp-json\/wp\/v2\/tags?post=238669"}],"curies":[{"name":"wp","href":"https:\/\/api.w.org\/{rel}","templated":true}]}}