{"id":239042,"date":"2019-01-29T20:01:34","date_gmt":"2019-01-29T19:01:34","guid":{"rendered":"https:\/\/www.radioluna.it\/news\/?p=239042"},"modified":"2019-01-29T20:01:34","modified_gmt":"2019-01-29T19:01:34","slug":"abc-la-difesa-del-presidente-de-stefano-non-siamo-affatto-allo-sbando","status":"publish","type":"post","link":"https:\/\/www.radioluna.it\/news\/2019\/01\/abc-la-difesa-del-presidente-de-stefano-non-siamo-affatto-allo-sbando\/","title":{"rendered":"Abc, la difesa del Presidente De Stefano: &#8220;Non siamo affatto allo sbando&#8221;"},"content":{"rendered":"<div id=\"fb-root\"><\/div>\n<p style=\"text-align: justify;\"><strong>LATINA<\/strong> &#8211; &#8220;Abc, non \u00e8 affatto allo sbando&#8221;. Il presidente del Cda dell&#8217;Azienda per i beni comuni Demetrio De Stefano, interviene dopo le anticipazioni pubblicate dalla stampa circa i contenuti del piano industriale redatto da Contarina, azienda leader nella gestione dei rifiuti. De Stefano conferma che per lanciare l&#8217;azienda verso gli obiettivi chiesti dal Consiglio Comunale di Latina, servono investimenti per 20 milioni di euro, ma che non ci saranno aumenti per i cittadini come non ci sono stati fino ad ora.<\/p>\n<p style=\"text-align: justify;\">Che il percorso intrapreso sia virtuoso lo confermerebbero &#8211; secondo De Stefano &#8211; le cifre del Piano Economico Finanziario che sono sostanzialmente invariate nonostante l&#8217;aumento della produzione dei rifiuti. &#8220;Azioni di razionalizzazione della spesa e di ottimizzazione dei servizi &#8211; afferma De Stefano &#8211; hanno quindi consentito di mantenere invariato il costo del servizio, pur in presenza di considerevoli incrementi dei volumi di rifiuti da gestire&#8221;.<\/p>\n<p style=\"text-align: justify;\">Cerca poi il presidente di Abc di spiegare che \u00e8 diversa la filosofia del piano di Contarina, che il risultato atteso \u00e8 di assoluta qualit\u00e0 ma che la modalit\u00e0 di espletamento del servizio \u00e8 diversa, quindi bisogna operare dei cambiamenti. &#8220;Per raggiungere questi obiettivi &#8211; spiega &#8211; bisogna operare investimenti&#8221;. Ecco i conti: &#8220;Prima erano stati stimati costi per 18 milioni di euro di cui 12 acquisibili attraverso un mutuo e 6 con altre forme di finanziamento, ora l&#8217;investimento complessivo \u00e8 di 20 milioni da spalmare all&#8217;articolazione del servizio. Non si tratta quindi di stravolgere alcuna volont\u00e0 per il resto ma semplicemente di attualizzarla&#8221;.<\/p>\n<p>RICADUTE SUI CITTADINI \u2013 De Stefano tranquillizza anche i cittadini perch\u00e9\u00a0 &#8211; assicura\u00a0 \u00a0&#8211; &#8220;non ci sar\u00e0 alcun aumento del tributo&#8221;, anche perch\u00e9 &#8220;il bilancio preconsuntivo 2018 presenta un utile di esercizio&#8221; e il bilancio previsione 2019 &#8220;conferma i risultati positivi&#8221;.<\/p>\n","protected":false},"excerpt":{"rendered":"<p>LATINA &#8211; &#8220;Abc, non \u00e8 affatto allo sbando&#8221;. Il presidente del Cda dell&#8217;Azienda per i beni comuni Demetrio De Stefano, interviene dopo le anticipazioni pubblicate dalla stampa circa i contenuti del piano industriale redatto da Contarina, azienda leader nella gestione dei rifiuti. De Stefano conferma che per lanciare l&#8217;azienda verso gli obiettivi chiesti dal Consiglio [&hellip;]<\/p>\n","protected":false},"author":62,"featured_media":0,"comment_status":"open","ping_status":"open","sticky":false,"template":"","format":"standard","meta":{"footnotes":""},"categories":[8],"tags":[],"class_list":["post-239042","post","type-post","status-publish","format-standard","hentry","category-politica"],"_links":{"self":[{"href":"https:\/\/www.radioluna.it\/news\/wp-json\/wp\/v2\/posts\/239042","targetHints":{"allow":["GET"]}}],"collection":[{"href":"https:\/\/www.radioluna.it\/news\/wp-json\/wp\/v2\/posts"}],"about":[{"href":"https:\/\/www.radioluna.it\/news\/wp-json\/wp\/v2\/types\/post"}],"author":[{"embeddable":true,"href":"https:\/\/www.radioluna.it\/news\/wp-json\/wp\/v2\/users\/62"}],"replies":[{"embeddable":true,"href":"https:\/\/www.radioluna.it\/news\/wp-json\/wp\/v2\/comments?post=239042"}],"version-history":[{"count":0,"href":"https:\/\/www.radioluna.it\/news\/wp-json\/wp\/v2\/posts\/239042\/revisions"}],"wp:attachment":[{"href":"https:\/\/www.radioluna.it\/news\/wp-json\/wp\/v2\/media?parent=239042"}],"wp:term":[{"taxonomy":"category","embeddable":true,"href":"https:\/\/www.radioluna.it\/news\/wp-json\/wp\/v2\/categories?post=239042"},{"taxonomy":"post_tag","embeddable":true,"href":"https:\/\/www.radioluna.it\/news\/wp-json\/wp\/v2\/tags?post=239042"}],"curies":[{"name":"wp","href":"https:\/\/api.w.org\/{rel}","templated":true}]}}