{"id":239044,"date":"2019-01-29T20:13:16","date_gmt":"2019-01-29T19:13:16","guid":{"rendered":"https:\/\/www.radioluna.it\/news\/?p=239044"},"modified":"2019-01-29T20:13:16","modified_gmt":"2019-01-29T19:13:16","slug":"voragine-sulla-pontina-tra-le-ipotesi-quella-di-un-ponte-provvisorio","status":"publish","type":"post","link":"https:\/\/www.radioluna.it\/news\/2019\/01\/voragine-sulla-pontina-tra-le-ipotesi-quella-di-un-ponte-provvisorio\/","title":{"rendered":"Voragine sulla Pontina, tra le ipotesi quella di un ponte provvisorio"},"content":{"rendered":"<div id=\"fb-root\"><\/div>\n<p style=\"text-align: justify;\"><strong>LATINA\u00a0<\/strong> &#8211; Un ponte provvisorio se non dovesse essere possibile procedere con i lavori. E&#8217; l&#8217;ultima\u00a0 novit\u00e0 emersa sulla voragine al km 74,400 della Pontina. Dopo i rilievi e i sondaggi effettuati sul punto del cratere dove un\u2019auto \u00e8 stata inghiottita il 25 novembre scorso e dove \u00e8 sparito per sempre Valter Don\u00e0 l&#8217;imprenditore di Terracina il cui corpo non \u00e8 mai stato trovato, \u00e8 quasi pronto lo studio geologico preliminare alla riparazione del tratto interrotto nella zona di\u00a0 San Vito a Terracina. E&#8217; quanto emerge dalla seduta della commissione Tutela del Territorio aggiungendo che se i geologi daranno l\u2019ok, si proceder\u00e0 ai lavori secondo il progetto gi\u00e0 pronto, altrimenti sar\u00e0 realizzato un ponte in prossimit\u00e0 della zona come viabilit\u00e0 temporanea alternativa.<\/p>\n<p style=\"text-align: justify;\">\u201cDa quanto emerso in Commissione \u2013 spiega la consigliera pontina dei Cinquestelle, Gaia Pernarella &#8211; \u00e8 prossima alla conclusione la necessaria fase di studio sulle condizioni geologiche del tratto crollato della Pontina che qualora avranno esito positivo, daranno via al progetto gi\u00e0 elaborato da Anas con la collaborazione tecnica di Astral, che il 21 Gennaio ha ceduto la Pontina ad Anas nell\u2019ambito di un accordo siglato nel Febbraio dello scorso anno. Viceversa, qualora le analisi dessero esito negativo, verr\u00e0 predisposta entro marzo una viabilit\u00e0 alternativa con il posizionamento di un ponte temporaneo a ridosso del tratto interrotto\u201d.<\/p>\n<p style=\"text-align: justify;\">Nel corso della seduta il consigliere regionale di Fi Giuseppe Simeone ha chiesto che venga attivata una \u2018task force\u2019 fra Regione, Provincia e Anas per manutenzione delle arterie stradali ricordando che &#8220;la Pontina tutt\u2019ora interrotta impone interventi ormai improcrastinabili per la messa in sicurezza innanzitutto della SR 148&#8221;, ma che non bisogna dimenticare la 156 e la 630, come pure sulle arterie provinciali sempre pi\u00f9 dissestate.<\/p>\n<p style=\"text-align: justify;\">\u00a0\u201cQuello che in particolare ci allarma \u2013 aggiunge Pernarella sono le carenze, messe nere su bianco dal Consorzio di Bonifica, relativamente al sistema delle idrovore, funzionanti non a pieno regime causa la loro vetust\u00e0: alcune si apprestano a compiere cento anni di servizio&#8221;.<\/p>\n<div class=\"radio-posizionamento-telefono-in-articoli-dopo-il-contenuto-articolo radio-entity-placement\" id=\"radio-591052313\"><div id=\"radio-1090235095\"><a href=\"https:\/\/www.simeoneceramiche.com\/\" aria-label=\"SIMEONE CERAMICHE GIF animata per radioluna_Tavola disegno 1 copia 2 (online-video-cutter.com)\"><img loading=\"lazy\" decoding=\"async\" src=\"https:\/\/www.radioluna.it\/news\/wp-content\/uploads\/2025\/05\/SIMEONE-CERAMICHE-GIF-animata-per-radioluna_Tavola-disegno-1-copia-2-online-video-cutter.com_.gif\" alt=\"\"  width=\"300\" height=\"250\"   \/><\/a><\/div><\/div>","protected":false},"excerpt":{"rendered":"<p>LATINA\u00a0 &#8211; Un ponte provvisorio se non dovesse essere possibile procedere con i lavori. E&#8217; l&#8217;ultima\u00a0 novit\u00e0 emersa sulla voragine al km 74,400 della Pontina. Dopo i rilievi e i sondaggi effettuati sul punto del cratere dove un\u2019auto \u00e8 stata inghiottita il 25 novembre scorso e dove \u00e8 sparito per sempre Valter Don\u00e0 l&#8217;imprenditore di [&hellip;]<\/p>\n","protected":false},"author":62,"featured_media":237734,"comment_status":"open","ping_status":"open","sticky":false,"template":"","format":"standard","meta":{"footnotes":""},"categories":[7],"tags":[],"class_list":["post-239044","post","type-post","status-publish","format-standard","has-post-thumbnail","hentry","category-cronaca"],"_links":{"self":[{"href":"https:\/\/www.radioluna.it\/news\/wp-json\/wp\/v2\/posts\/239044","targetHints":{"allow":["GET"]}}],"collection":[{"href":"https:\/\/www.radioluna.it\/news\/wp-json\/wp\/v2\/posts"}],"about":[{"href":"https:\/\/www.radioluna.it\/news\/wp-json\/wp\/v2\/types\/post"}],"author":[{"embeddable":true,"href":"https:\/\/www.radioluna.it\/news\/wp-json\/wp\/v2\/users\/62"}],"replies":[{"embeddable":true,"href":"https:\/\/www.radioluna.it\/news\/wp-json\/wp\/v2\/comments?post=239044"}],"version-history":[{"count":0,"href":"https:\/\/www.radioluna.it\/news\/wp-json\/wp\/v2\/posts\/239044\/revisions"}],"wp:featuredmedia":[{"embeddable":true,"href":"https:\/\/www.radioluna.it\/news\/wp-json\/wp\/v2\/media\/237734"}],"wp:attachment":[{"href":"https:\/\/www.radioluna.it\/news\/wp-json\/wp\/v2\/media?parent=239044"}],"wp:term":[{"taxonomy":"category","embeddable":true,"href":"https:\/\/www.radioluna.it\/news\/wp-json\/wp\/v2\/categories?post=239044"},{"taxonomy":"post_tag","embeddable":true,"href":"https:\/\/www.radioluna.it\/news\/wp-json\/wp\/v2\/tags?post=239044"}],"curies":[{"name":"wp","href":"https:\/\/api.w.org\/{rel}","templated":true}]}}