{"id":239126,"date":"2019-01-31T08:43:17","date_gmt":"2019-01-31T07:43:17","guid":{"rendered":"https:\/\/www.radioluna.it\/news\/?p=239126"},"modified":"2019-02-02T07:45:26","modified_gmt":"2019-02-02T06:45:26","slug":"variante-q3-allavvocato-luca-melegari-il-compito-di-verificare-se-coletta-e-giunta-sono-indagati","status":"publish","type":"post","link":"https:\/\/www.radioluna.it\/news\/2019\/01\/variante-q3-allavvocato-luca-melegari-il-compito-di-verificare-se-coletta-e-giunta-sono-indagati\/","title":{"rendered":"Variante Q3, all&#8217;avvocato Luca Melegari il compito di verificare se Coletta e giunta sono indagati"},"content":{"rendered":"<div id=\"fb-root\"><\/div>\n<p><em>(nella foto di Radio Luna, il Procuratore aggiunto di Latina Carlo Lasperanza)<\/em><\/p>\n<p style=\"text-align: justify;\"><strong>LATINA<\/strong> &#8211;\u00a0Resta un mistero che si scioglier\u00e0 nelle prossime ore, se e chi sono gli indagati nel fascicolo aperto alcuni giorni fa dal pm Giuseppe Miliano <a href=\"https:\/\/www.radioluna.it\/news\/2019\/01\/nipaf-in-comune-per-visionare-gli-atti-relativi-al-ppe-del-quartiere-q3\/\">per acquisire atti in Comune e chiarire le vicende relative alla cosiddetta variante Q3\u00a0<\/a>\u00a0delegando le indagini al Nipaf dei carabinieri. Dopo aver annunciato una nota di precisazioni, infatti, la Procura della Repubblica di Latina, apparsa fortemente irritata dalla diffusione della notizia, ha scelto di non inviare alcunch\u00e9, e sar\u00e0 dunque oggi il legale nominato dal sindaco di Latina Damiano Coletta e dal resto della giunta, l&#8217;avvocato Luca Melegari\u00a0 a presentare formale richiesta presso gli uffici di Via Ezio per conoscere se ci sono indagati per la delibera adottata dalla giunta il 28 dicembre scorso, da quando eventualmente, e per quali reati.<\/p>\n<p style=\"text-align: justify;\">Ieri intanto,\u00a0 dopo una lunga riunione con gli assessori tenutasi in mattinata, il sindaco ha rilasciato una dichiarazione accompagnata poi da una nota nel pomeriggio per ribadire la sua fiducia nei confronti dell&#8217;assessore Franco Castaldo e del dirigente Paolo Ferraro e per spiegare: &#8220;Siamo sereni, siamo sempre dalla parte della legalit\u00e0&#8221;.<\/p>\n<p style=\"text-align: justify;\"><strong>IN CONSIGLIO COMUNALE<\/strong>\u00a0 &#8211; In consiglio comunale\u00a0 Nicoletta Zuliani del Pd aveva chiesto un intervento del sindaco per spiegare la situazione. Appello caduto nel vuoto, perch\u00e9 il primo cittadino non ha preso parte al Consiglio.<\/p>\n<p style=\"text-align: justify;\">In una nota esprime tutta la sua preoccupazione Massimiliano Carnevale della Lega: &#8220;Mi rammarico del fatto che tutto ci\u00f2 poteva essere evitato se solo la maggioranza che oggi governa la nostra citt\u00e0 avesse avuto l&#8217;umilt\u00e0 e il buonsenso di ritirare in autotutela la delibera come avevo suggerito&#8221;.<\/p>\n<p style=\"text-align: justify;\">&#8220;Ora per coerenza &#8211; scrive in una nota il portavoce di Fratelli d&#8217;Italia, Gianluca Di Cocco &#8211;\u00a0 il sindaco Coletta facesse un atto di responsabilit\u00e0 e dichiarasse pubblicamente che si difender\u00e0 dalle accuse a proprie spese e che il comune si costituir\u00e0 parte civile qualora le accuse fossero fondate e le persone indagate venissero rinviate a giudizio&#8221;.<\/p>\n<p style=\"text-align: justify;\">Solidariet\u00e0 dalla maggioranza: &#8221; Il movimento e il gruppo consiliare di Lbc, in merito alla questione Q3, esprimono indignazione per le notizie riportate da alcuni organi di stampa locali che, ad oggi, risultano prive di alcun fondamento. Manifestano, altres\u00ec, piena solidariet\u00e0 al Sindaco Damiano Coletta, alla giunta tutta e agli uffici comunali&#8221;.<\/p>\n<div class=\"radio-posizionamento-telefono-in-articoli-dopo-il-contenuto-articolo radio-entity-placement\" id=\"radio-2529223256\"><div id=\"radio-1507141797\"><a href=\"https:\/\/www.simeoneceramiche.com\/\" aria-label=\"SIMEONE CERAMICHE GIF animata per radioluna_Tavola disegno 1 copia 2 (online-video-cutter.com)\"><img loading=\"lazy\" decoding=\"async\" src=\"https:\/\/www.radioluna.it\/news\/wp-content\/uploads\/2025\/05\/SIMEONE-CERAMICHE-GIF-animata-per-radioluna_Tavola-disegno-1-copia-2-online-video-cutter.com_.gif\" alt=\"\"  width=\"300\" height=\"250\"   \/><\/a><\/div><\/div>","protected":false},"excerpt":{"rendered":"<p>(nella foto di Radio Luna, il Procuratore aggiunto di Latina Carlo Lasperanza) LATINA &#8211;\u00a0Resta un mistero che si scioglier\u00e0 nelle prossime ore, se e chi sono gli indagati nel fascicolo aperto alcuni giorni fa dal pm Giuseppe Miliano per acquisire atti in Comune e chiarire le vicende relative alla cosiddetta variante Q3\u00a0\u00a0delegando le indagini al [&hellip;]<\/p>\n","protected":false},"author":62,"featured_media":239130,"comment_status":"open","ping_status":"open","sticky":false,"template":"","format":"standard","meta":{"footnotes":""},"categories":[7],"tags":[],"class_list":["post-239126","post","type-post","status-publish","format-standard","has-post-thumbnail","hentry","category-cronaca"],"_links":{"self":[{"href":"https:\/\/www.radioluna.it\/news\/wp-json\/wp\/v2\/posts\/239126","targetHints":{"allow":["GET"]}}],"collection":[{"href":"https:\/\/www.radioluna.it\/news\/wp-json\/wp\/v2\/posts"}],"about":[{"href":"https:\/\/www.radioluna.it\/news\/wp-json\/wp\/v2\/types\/post"}],"author":[{"embeddable":true,"href":"https:\/\/www.radioluna.it\/news\/wp-json\/wp\/v2\/users\/62"}],"replies":[{"embeddable":true,"href":"https:\/\/www.radioluna.it\/news\/wp-json\/wp\/v2\/comments?post=239126"}],"version-history":[{"count":0,"href":"https:\/\/www.radioluna.it\/news\/wp-json\/wp\/v2\/posts\/239126\/revisions"}],"wp:featuredmedia":[{"embeddable":true,"href":"https:\/\/www.radioluna.it\/news\/wp-json\/wp\/v2\/media\/239130"}],"wp:attachment":[{"href":"https:\/\/www.radioluna.it\/news\/wp-json\/wp\/v2\/media?parent=239126"}],"wp:term":[{"taxonomy":"category","embeddable":true,"href":"https:\/\/www.radioluna.it\/news\/wp-json\/wp\/v2\/categories?post=239126"},{"taxonomy":"post_tag","embeddable":true,"href":"https:\/\/www.radioluna.it\/news\/wp-json\/wp\/v2\/tags?post=239126"}],"curies":[{"name":"wp","href":"https:\/\/api.w.org\/{rel}","templated":true}]}}