{"id":239132,"date":"2019-01-31T10:43:33","date_gmt":"2019-01-31T09:43:33","guid":{"rendered":"https:\/\/www.radioluna.it\/news\/?p=239132"},"modified":"2019-01-31T10:43:33","modified_gmt":"2019-01-31T09:43:33","slug":"avvocati-via-al-secondo-mandato-lauretti-il-giudice-di-pace-e-vera-emergenza","status":"publish","type":"post","link":"https:\/\/www.radioluna.it\/news\/2019\/01\/avvocati-via-al-secondo-mandato-lauretti-il-giudice-di-pace-e-vera-emergenza\/","title":{"rendered":"Avvocati, via al secondo mandato Lauretti: &#8220;Il Giudice di Pace \u00e8 vera emergenza&#8221;"},"content":{"rendered":"<div id=\"fb-root\"><\/div>\n<p style=\"text-align: justify;\"><strong>LATINA<\/strong> &#8211; Cariche assegnate\u00a0 ai quindici\u00a0 nuovi e vecchi eletti del Consiglio dell&#8217;Ordine degli Avvocati di Latina. A distanza di una settimana dalle consultazioni, si \u00e8 tenuta la prima riunione dell&#8217;organo che ha cos\u00ec stabilito: il presidente uscente Giovanni Lauretti \u00e8 stato riconfermato nel ruolo-guida, suo vice \u00e8 Piergiorgio Avvisati, che fra due anni passer\u00e0 il testimone ad Antonella Ciccarese, Consigliera, seconda eletta, fino a ieri segretaria dell&#8217;Ordine. &#8220;Rinnoveremo le cariche alla fine del primo biennio&#8221;, ha spiegato infatti Lauretti annunciando la novit\u00e0 della rotazione durante il mandato. Resta tesoriere Angelo Farau.<\/p>\n<p style=\"text-align: justify;\">Un Consiglio in parte rinnovato nel quale siederanno anche Maria Cristina Sepe, Carlo Macci, Patrizia Soscia, Alfredo Soldera, Annamaria Giannantonio, Aldo Panico, Simone Rinaldi (del foro di Terracina che ha corso da outsider entrando ora nella squadra di Lauretti), Stefania Caporilli, Chiara De Simone e Maria Luisa Tomassini.<\/p>\n<p style=\"text-align: justify;\"><strong>Ma da dove si riparte?\u00a0<\/strong><\/p>\n<p style=\"text-align: justify;\"><em>&#8220;Lavoriamo in continuit\u00e0 &#8211; <\/em>dice Lauretti<em> &#8211;\u00a0 \u00a0L&#8217;abbiamo gi\u00e0 detto durante la campagna elettorale, ma lo ribadiamo sempre, l&#8217;obiettivo \u00e8 monitorare le criticit\u00e0 esistenti. La maggiore, attualmente, riguarda l&#8217;ufficio del giudice di pace dove mancano 12 giudici su 15, una vera emergenza.\u00a0 Qui c&#8217;\u00e8 anche molto da lavorare sugli organici degli amministrativi perch\u00e9 si registra una scopertura intorno al 30-35%. E&#8217;\u00a0 di tutta evidenza come poi la macchina non possa funzionare&#8221;.<\/em><\/p>\n<p style=\"text-align: justify;\"><strong>Le difficolt\u00e0 nell&#8217;amministrazione della giustizia\u00a0 a Latina &#8211; \u00e8 stato detto anche in occasione dell&#8217;inaugurazione dell&#8217;anno giudiziario della Corte d&#8217;Appello\u00a0 &#8211;\u00a0 sono prima di tutto dovute &#8220;alla mancanza di strutture, uomini e mezzi&#8221;.<\/strong><\/p>\n<p style=\"text-align: justify;\"><em>Una fotografia che ha messo in luce le criticit\u00e0 del nostro Foro che sono molto grandi in termini di arretrati, in termini\u00a0 di processi che vanno in prescrizione. La lacuna \u00e8 stata colmata in parte, perch\u00e9 i magistrati ordinari del Tribunale su una pianta organica di 44 sono attualmente 40. Non era mai successo. Ma il problema \u00e8 che se i giudici non hanno i cancellieri e gli altri amministrativi, \u00e8 una vittoria di Pirro, \u00e8 come avere una bella macchina, ma non avere la benzina.<\/em><\/p>\n<p style=\"text-align: justify;\"><strong>Pensate ad un nuovo appuntamento che possa coinvolgere anche i cittadini, come gi\u00e0 fatto lo scorso anno al Circolo\u00a0 Cittadino?<\/strong><\/p>\n<p style=\"text-align: justify;\"><em>Sicuramente per il Giudice di Pace. Abbiamo intenzione di ricalcare quello che abbiamo fatto per la Sezione Lavoro del Tribunale. Al Giudice di Pace si rivolgono tantissimi cittadini per cose che vanno dalla multa agli incidenti stradali, e l\u00ec, lavorano soprattutto i giovani avvocati, che, non vedendo una risposta di giustizia non vengono mai premiati economicamente per il lavoro fatto. \u00c8 un disguido grande per la cittadinanza, perch\u00e9 non ha risposta di giustizia e per i colleghi perch\u00e9 non vedono il frutto del loro lavoro. Ci sar\u00e0 un&#8217;iniziativa nell&#8217;immediato.<\/em><\/p>\n<p style=\"text-align: justify;\"><strong>C&#8217;\u00e8 poi sempre la questione della Cittadella Giudiziaria.<\/strong><\/p>\n<p style=\"text-align: justify;\"><em>Si, in questi giorni ha scaldato un po&#8217; gli animi, \u00e8 una questione da risolvere. Almeno l&#8217;edificio\u00a0 che \u00e8 parzialmente finito, va portato a conclusione. Sicuramente dobbiamo muoverci con\u00a0 tutti i mezzi che abbiamo, anche l&#8217;Amministrazione comunale, il Ministero e il Tribunale. Sono quindici anni che si paga un canone di un milione 300 mila euro l&#8217;anno, non pu\u00f2 andare avanti cos\u00ec. Poi c&#8217;\u00e8 la questione di terminare il secondo lotto, perch\u00e9 se ci fermiamo al primo edificio, \u00e8 tutto inutile.\u00a0<\/em><em>La Cittadella ha un senso cos\u00ec com&#8217;era stata progettata per raccogliere insieme tutti gli uffici.<\/em><\/p>\n<p style=\"text-align: justify;\"><strong>Tra gli obiettivi del consiglio anche il sostegno ai giovani avvocati<\/strong><\/p>\n<p style=\"text-align: justify;\"><em>Dicevo lavorare in continuit\u00e0. Gi\u00e0 nelle ultime sedute ci eravamo mossi in questo senso, perch\u00e9 avevamo previsto la fatturazione elettronica gratuita per tutti gli iscritti e anche le Pec gratuite per i giovani avvocati e\u00a0 per i praticanti. Adesso vorremmo continuare su questa strada, consentire a tutti gli avvocati e quindi soprattutto ai giovani di consultare le banche dati giurisprudenziali e legislative che hanno un grosso costo per i singoli studi. Lo vorremmo fare gratuitamente per tutti gli avvocati.<\/em><\/p>\n<p style=\"text-align: justify;\"><strong>Quanti sono gli avvocati giovani del Foro di Latina<\/strong><\/p>\n<p style=\"text-align: justify;\"><em>I praticanti\u00a0<\/em><em>sono circa 6-700. Sul totale degli avvocati invece &#8211;\u00a0 siamo 1850 iscritti &#8211; diciamo che quasi la met\u00e0 sono under 40. E&#8217; un Foro giovane.\u00a0<\/em><\/p>\n<p><strong>ASCOLTA LAURETTI<\/strong><\/p>\n<audio class=\"wp-audio-shortcode\" id=\"audio-239132-1\" preload=\"none\" style=\"width: 100%;\" controls=\"controls\"><source type=\"audio\/mpeg\" src=\"https:\/\/www.radioluna.it\/news\/wp-content\/uploads\/2019\/01\/lauretti-1.mp3?_=1\" \/><a href=\"https:\/\/www.radioluna.it\/news\/wp-content\/uploads\/2019\/01\/lauretti-1.mp3\">https:\/\/www.radioluna.it\/news\/wp-content\/uploads\/2019\/01\/lauretti-1.mp3<\/a><\/audio>\n<div class=\"radio-posizionamento-telefono-in-articoli-dopo-il-contenuto-articolo radio-entity-placement\" id=\"radio-355353370\"><div id=\"radio-2786142499\" style=\"width: 300px;height: 250px;\"><a href=\"https:\/\/www.icarspa.it\/auto\/usate\/latina\/\" aria-label=\"banner aprile icar new life &#8211; auto usate latina\"><img loading=\"lazy\" decoding=\"async\" src=\"https:\/\/www.radioluna.it\/news\/wp-content\/uploads\/2026\/02\/banner-aprile-icar-new-life-auto-usate-latina.gif\" alt=\"\"  width=\"300\" height=\"250\"   \/><\/a><\/div><\/div>","protected":false},"excerpt":{"rendered":"<p>LATINA &#8211; Cariche assegnate\u00a0 ai quindici\u00a0 nuovi e vecchi eletti del Consiglio dell&#8217;Ordine degli Avvocati di Latina. A distanza di una settimana dalle consultazioni, si \u00e8 tenuta la prima riunione dell&#8217;organo che ha cos\u00ec stabilito: il presidente uscente Giovanni Lauretti \u00e8 stato riconfermato nel ruolo-guida, suo vice \u00e8 Piergiorgio Avvisati, che fra due anni passer\u00e0 [&hellip;]<\/p>\n","protected":false},"author":62,"featured_media":0,"comment_status":"open","ping_status":"open","sticky":false,"template":"","format":"standard","meta":{"footnotes":""},"categories":[7],"tags":[],"class_list":["post-239132","post","type-post","status-publish","format-standard","hentry","category-cronaca"],"_links":{"self":[{"href":"https:\/\/www.radioluna.it\/news\/wp-json\/wp\/v2\/posts\/239132","targetHints":{"allow":["GET"]}}],"collection":[{"href":"https:\/\/www.radioluna.it\/news\/wp-json\/wp\/v2\/posts"}],"about":[{"href":"https:\/\/www.radioluna.it\/news\/wp-json\/wp\/v2\/types\/post"}],"author":[{"embeddable":true,"href":"https:\/\/www.radioluna.it\/news\/wp-json\/wp\/v2\/users\/62"}],"replies":[{"embeddable":true,"href":"https:\/\/www.radioluna.it\/news\/wp-json\/wp\/v2\/comments?post=239132"}],"version-history":[{"count":0,"href":"https:\/\/www.radioluna.it\/news\/wp-json\/wp\/v2\/posts\/239132\/revisions"}],"wp:attachment":[{"href":"https:\/\/www.radioluna.it\/news\/wp-json\/wp\/v2\/media?parent=239132"}],"wp:term":[{"taxonomy":"category","embeddable":true,"href":"https:\/\/www.radioluna.it\/news\/wp-json\/wp\/v2\/categories?post=239132"},{"taxonomy":"post_tag","embeddable":true,"href":"https:\/\/www.radioluna.it\/news\/wp-json\/wp\/v2\/tags?post=239132"}],"curies":[{"name":"wp","href":"https:\/\/api.w.org\/{rel}","templated":true}]}}