{"id":239200,"date":"2019-02-01T07:10:51","date_gmt":"2019-02-01T06:10:51","guid":{"rendered":"https:\/\/www.radioluna.it\/news\/?p=239200"},"modified":"2019-02-01T16:46:06","modified_gmt":"2019-02-01T15:46:06","slug":"omicidio-vaccaro-otto-anni-senza-matteo-e-i-colpevoli-sono-liberi-di-vivere","status":"publish","type":"post","link":"https:\/\/www.radioluna.it\/news\/2019\/02\/omicidio-vaccaro-otto-anni-senza-matteo-e-i-colpevoli-sono-liberi-di-vivere\/","title":{"rendered":"Omicidio Vaccaro: &#8220;Otto anni senza Matteo, e i colpevoli sono liberi di vivere&#8221;"},"content":{"rendered":"<div id=\"fb-root\"><\/div>\n<p style=\"text-align: justify;\"><strong>LATINA<\/strong>\u00a0 &#8211;\u00a0A 8 anni dall&#8217;omicidio di Matteo Vaccaro avvenuto la notte del 31 gennaio al Parco Europa a Latina, il pap\u00e0 non si d\u00e0 pace, e continua a sostenere che la verit\u00e0 dei fatti non sia emersa del tutto nel corso dei processi di primo e secondo grado.<\/p>\n<p style=\"text-align: justify;\">Con un post su Fb pubblicato alla stessa ora in cui quella tragica notte il giovane aspirante veterinario di Latina, gestore con i familiari del pub Pietra Nuda nella zona dei Pub di Latina, veniva ucciso, Valentino Vaccaro condivide l&#8217;amarezza di chi non crede di aver trovato giustizia.<\/p>\n<p style=\"text-align: justify;\">&#8220;Proprio a quest&#8217;ora, veniva assassinato mio figlio Matteo. Da quella data, la vita della mia famiglia \u00e8 stata devastata completamente. Ed i reali colpevoli sono ai domiciliari o liberi di vivere. \u00c8 vera Giustizia questa ?&#8221;<\/p>\n","protected":false},"excerpt":{"rendered":"<p>LATINA\u00a0 &#8211;\u00a0A 8 anni dall&#8217;omicidio di Matteo Vaccaro avvenuto la notte del 31 gennaio al Parco Europa a Latina, il pap\u00e0 non si d\u00e0 pace, e continua a sostenere che la verit\u00e0 dei fatti non sia emersa del tutto nel corso dei processi di primo e secondo grado. Con un post su Fb pubblicato alla [&hellip;]<\/p>\n","protected":false},"author":62,"featured_media":239209,"comment_status":"open","ping_status":"open","sticky":false,"template":"","format":"standard","meta":{"footnotes":""},"categories":[7],"tags":[],"class_list":["post-239200","post","type-post","status-publish","format-standard","has-post-thumbnail","hentry","category-cronaca"],"_links":{"self":[{"href":"https:\/\/www.radioluna.it\/news\/wp-json\/wp\/v2\/posts\/239200","targetHints":{"allow":["GET"]}}],"collection":[{"href":"https:\/\/www.radioluna.it\/news\/wp-json\/wp\/v2\/posts"}],"about":[{"href":"https:\/\/www.radioluna.it\/news\/wp-json\/wp\/v2\/types\/post"}],"author":[{"embeddable":true,"href":"https:\/\/www.radioluna.it\/news\/wp-json\/wp\/v2\/users\/62"}],"replies":[{"embeddable":true,"href":"https:\/\/www.radioluna.it\/news\/wp-json\/wp\/v2\/comments?post=239200"}],"version-history":[{"count":0,"href":"https:\/\/www.radioluna.it\/news\/wp-json\/wp\/v2\/posts\/239200\/revisions"}],"wp:featuredmedia":[{"embeddable":true,"href":"https:\/\/www.radioluna.it\/news\/wp-json\/wp\/v2\/media\/239209"}],"wp:attachment":[{"href":"https:\/\/www.radioluna.it\/news\/wp-json\/wp\/v2\/media?parent=239200"}],"wp:term":[{"taxonomy":"category","embeddable":true,"href":"https:\/\/www.radioluna.it\/news\/wp-json\/wp\/v2\/categories?post=239200"},{"taxonomy":"post_tag","embeddable":true,"href":"https:\/\/www.radioluna.it\/news\/wp-json\/wp\/v2\/tags?post=239200"}],"curies":[{"name":"wp","href":"https:\/\/api.w.org\/{rel}","templated":true}]}}