{"id":239215,"date":"2019-02-01T09:14:07","date_gmt":"2019-02-01T08:14:07","guid":{"rendered":"https:\/\/www.radioluna.it\/news\/?p=239215"},"modified":"2019-02-01T12:01:24","modified_gmt":"2019-02-01T11:01:24","slug":"provincia-di-latina-in-arrivo-42-ml-medici-boccata-dossigeno-per-le-strade","status":"publish","type":"post","link":"https:\/\/www.radioluna.it\/news\/2019\/02\/provincia-di-latina-in-arrivo-42-ml-medici-boccata-dossigeno-per-le-strade\/","title":{"rendered":"Provincia di Latina, in arrivo 4,2 ml. Medici: &#8220;Boccata d&#8217;ossigeno per le strade&#8221;"},"content":{"rendered":"<div id=\"fb-root\"><\/div>\n<p style=\"text-align: justify;\"><strong>LATINA<\/strong> &#8211; &#8220;Una boccata d&#8217;ossigeno&#8221;. E&#8217; quella che il Governo ha voluto dare alle Province per il finanziamento &#8220;di piani di sicurezza a valenza pluriennale per la manutenzione di strade e di scuole&#8221;. Il contributo che arriver\u00e0 a Latina \u00e8 di 4,2 milioni di euro, un aiutino dopo anni di digiuno agli enti declassati dalla riforma Delrio. Sono infatti rimaste agli enti ormai di seconda fascia, onerose funzioni di manutenzione di strade e scuole.<\/p>\n<p style=\"text-align: justify;\">Il Presidente della Provincia Carlo Medici si dice soddisfatto, anche se le risorse non basteranno per una rete stradale che da anni attende opere di manutenzione ordinaria e straordinaria. &#8220;Sicuramente un impulso positivo ripsetto ai fondi di cui disponevamo fino all&#8217;anno scorso al quale si aggiungeranno i fondi gi\u00e0 stanziati dal ministero per le infrastrutture che sono 2,8 per ogni annualit\u00e0 fino al 2023. Diciamo che rivediamo un po&#8217; la luce anche se la situazione si \u00e8 andata aggravando e ogni giorno riceviamo segnalazioni di danni causati dalle buche&#8221;. Non \u00e8 preoccupato per le scuole invece il Presidente Medici: &#8220;Partiamo da una condizione accettabile, le scuole non sono la priorit\u00e0. Noi abbiamo sottoscritto 39 progetti per un totale di 13 milioni e stiamo andando in gara in questi giorni, in estate i lavori sono stati eseguiti&#8221;.<\/p>\n<p style=\"text-align: justify;\">Un&#8217;occasione per fare una riflessione anche sulla mancata attuazione della Riforma delle Province targata Pd, ma che Medici non condivide: &#8220;Il segnale positivo \u00e8 che dopo un periodo di completo buio, generato da una riforma lasciata a met\u00e0, si inizi a dare alle Province le risorse per espletare le funzioni che sono rimaste. Ora bisogna riportare le Province a enti di primo livello, come era prima della riforma. E&#8217; un sistema che non pu\u00f2 funzionare, bisogna, dobbiamo capire qual \u00e8 il futuro,\u00a0 sicuramente non \u00e8 questo&#8221;.<\/p>\n<audio class=\"wp-audio-shortcode\" id=\"audio-239215-1\" preload=\"none\" style=\"width: 100%;\" controls=\"controls\"><source type=\"audio\/mpeg\" src=\"https:\/\/www.radioluna.it\/news\/wp-content\/uploads\/2019\/02\/medici.mp3?_=1\" \/><a href=\"https:\/\/www.radioluna.it\/news\/wp-content\/uploads\/2019\/02\/medici.mp3\">https:\/\/www.radioluna.it\/news\/wp-content\/uploads\/2019\/02\/medici.mp3<\/a><\/audio>\n","protected":false},"excerpt":{"rendered":"<p>LATINA &#8211; &#8220;Una boccata d&#8217;ossigeno&#8221;. E&#8217; quella che il Governo ha voluto dare alle Province per il finanziamento &#8220;di piani di sicurezza a valenza pluriennale per la manutenzione di strade e di scuole&#8221;. Il contributo che arriver\u00e0 a Latina \u00e8 di 4,2 milioni di euro, un aiutino dopo anni di digiuno agli enti declassati dalla [&hellip;]<\/p>\n","protected":false},"author":62,"featured_media":239224,"comment_status":"open","ping_status":"open","sticky":false,"template":"","format":"standard","meta":{"footnotes":""},"categories":[2310,8],"tags":[],"class_list":["post-239215","post","type-post","status-publish","format-standard","has-post-thumbnail","hentry","category-audio","category-politica"],"_links":{"self":[{"href":"https:\/\/www.radioluna.it\/news\/wp-json\/wp\/v2\/posts\/239215","targetHints":{"allow":["GET"]}}],"collection":[{"href":"https:\/\/www.radioluna.it\/news\/wp-json\/wp\/v2\/posts"}],"about":[{"href":"https:\/\/www.radioluna.it\/news\/wp-json\/wp\/v2\/types\/post"}],"author":[{"embeddable":true,"href":"https:\/\/www.radioluna.it\/news\/wp-json\/wp\/v2\/users\/62"}],"replies":[{"embeddable":true,"href":"https:\/\/www.radioluna.it\/news\/wp-json\/wp\/v2\/comments?post=239215"}],"version-history":[{"count":0,"href":"https:\/\/www.radioluna.it\/news\/wp-json\/wp\/v2\/posts\/239215\/revisions"}],"wp:featuredmedia":[{"embeddable":true,"href":"https:\/\/www.radioluna.it\/news\/wp-json\/wp\/v2\/media\/239224"}],"wp:attachment":[{"href":"https:\/\/www.radioluna.it\/news\/wp-json\/wp\/v2\/media?parent=239215"}],"wp:term":[{"taxonomy":"category","embeddable":true,"href":"https:\/\/www.radioluna.it\/news\/wp-json\/wp\/v2\/categories?post=239215"},{"taxonomy":"post_tag","embeddable":true,"href":"https:\/\/www.radioluna.it\/news\/wp-json\/wp\/v2\/tags?post=239215"}],"curies":[{"name":"wp","href":"https:\/\/api.w.org\/{rel}","templated":true}]}}