{"id":239218,"date":"2019-02-01T10:00:35","date_gmt":"2019-02-01T09:00:35","guid":{"rendered":"https:\/\/www.radioluna.it\/news\/?p=239218"},"modified":"2019-02-01T12:52:00","modified_gmt":"2019-02-01T11:52:00","slug":"terracina-si-sblocca-il-ponte-su-sisto-via-ai-cantieri","status":"publish","type":"post","link":"https:\/\/www.radioluna.it\/news\/2019\/02\/terracina-si-sblocca-il-ponte-su-sisto-via-ai-cantieri\/","title":{"rendered":"Terracina, si sblocca il Ponte sul Sisto, luned\u00ec il via al cantiere"},"content":{"rendered":"<div id=\"fb-root\"><\/div>\n<p style=\"text-align: justify;\"><strong>TERRACINA<\/strong> &#8211; Via ai lavori per il rifacimento di Ponte Sisto. La notizia attesissima \u00e8 arrivata questa mattina dalla Provincia. La ditta incaricata dei lavori \u00e8 Janson Bridging Italia sr,l filiale italiana con sede a Brescia della societ\u00e0 olandese Janson Bridging\u00a0 BV,\u00a0 si \u00e8 aggiudicata la gara europea bandita dalla provincia di Latina.<\/p>\n<p style=\"text-align: justify;\">Il cantiere aprir\u00e0 luned\u00ec e la durata dei lavori per la realizzazione del nuovo ponte sulla litoranea tra Circeo e Terracina, \u00e8 di 45 giorni. Il progetto &#8211; spiegano dall&#8217;Ente di Via Costa &#8211;\u00a0 prevede un intervento di demolizione delle vecchie pile del ponte al posto delle quali saranno realizzati nuovi appoggi che serviranno a supportare il ponte vero e proprio, una struttura metallica che sar\u00e0 fatta scorrere su rotaie per essere collocata definitivamente al suo posto.<\/p>\n<p style=\"text-align: justify;\">\u00a0\u201cCon l\u2019apertura del cantiere \u2013 spiega il presidente della Provincia Carlo Medici \u2013 apriamo concretamente la fase di costruzione del nuovo ponte sul fiume Sisto. Si tratta di un intervento importante per realizzare il quale sono stati superati una serie di ostacoli: con la demolizione delle pile e la sistemazione della nuova struttura\u00a0 restituiamo a Terracina e all\u2019intera area una parte fondamentale della viabilit\u00e0, il ripristino della normale circolazione viaria. Attivit\u00e0 commerciali e residenti potranno dunque uscire dal lungo isolamento da qui a 45 giorni, quindi prima dell\u2019estate. La Provincia \u2013 conclude Medici \u2013 si \u00e8 impegnata fin dall\u2019inizio per la risoluzione del problema e la consegna dell\u2019area alla ditta vincitrice della gara \u00e8 il risultato di tale sforzo\u201d.<\/p>\n<p style=\"text-align: justify;\">\n<div class=\"radio-posizionamento-telefono-in-articoli-dopo-il-contenuto-articolo radio-entity-placement\" id=\"radio-3577959937\"><div id=\"radio-2799410476\" style=\"width: 300px;height: 250px;\"><a href=\"https:\/\/www.icarspa.it\/auto\/usate\/latina\/\" aria-label=\"banner aprile icar new life &#8211; auto usate latina\"><img loading=\"lazy\" decoding=\"async\" src=\"https:\/\/www.radioluna.it\/news\/wp-content\/uploads\/2026\/02\/banner-aprile-icar-new-life-auto-usate-latina.gif\" alt=\"\"  width=\"300\" height=\"250\"   \/><\/a><\/div><\/div>","protected":false},"excerpt":{"rendered":"<p>TERRACINA &#8211; Via ai lavori per il rifacimento di Ponte Sisto. La notizia attesissima \u00e8 arrivata questa mattina dalla Provincia. La ditta incaricata dei lavori \u00e8 Janson Bridging Italia sr,l filiale italiana con sede a Brescia della societ\u00e0 olandese Janson Bridging\u00a0 BV,\u00a0 si \u00e8 aggiudicata la gara europea bandita dalla provincia di Latina. Il cantiere [&hellip;]<\/p>\n","protected":false},"author":62,"featured_media":0,"comment_status":"open","ping_status":"open","sticky":false,"template":"","format":"standard","meta":{"footnotes":""},"categories":[7],"tags":[],"class_list":["post-239218","post","type-post","status-publish","format-standard","hentry","category-cronaca"],"_links":{"self":[{"href":"https:\/\/www.radioluna.it\/news\/wp-json\/wp\/v2\/posts\/239218","targetHints":{"allow":["GET"]}}],"collection":[{"href":"https:\/\/www.radioluna.it\/news\/wp-json\/wp\/v2\/posts"}],"about":[{"href":"https:\/\/www.radioluna.it\/news\/wp-json\/wp\/v2\/types\/post"}],"author":[{"embeddable":true,"href":"https:\/\/www.radioluna.it\/news\/wp-json\/wp\/v2\/users\/62"}],"replies":[{"embeddable":true,"href":"https:\/\/www.radioluna.it\/news\/wp-json\/wp\/v2\/comments?post=239218"}],"version-history":[{"count":0,"href":"https:\/\/www.radioluna.it\/news\/wp-json\/wp\/v2\/posts\/239218\/revisions"}],"wp:attachment":[{"href":"https:\/\/www.radioluna.it\/news\/wp-json\/wp\/v2\/media?parent=239218"}],"wp:term":[{"taxonomy":"category","embeddable":true,"href":"https:\/\/www.radioluna.it\/news\/wp-json\/wp\/v2\/categories?post=239218"},{"taxonomy":"post_tag","embeddable":true,"href":"https:\/\/www.radioluna.it\/news\/wp-json\/wp\/v2\/tags?post=239218"}],"curies":[{"name":"wp","href":"https:\/\/api.w.org\/{rel}","templated":true}]}}