{"id":239356,"date":"2019-02-04T18:39:00","date_gmt":"2019-02-04T17:39:00","guid":{"rendered":"https:\/\/www.radioluna.it\/news\/?p=239356"},"modified":"2019-02-05T05:17:32","modified_gmt":"2019-02-05T04:17:32","slug":"incendio-al-centro-al-karama-di-cocco-va-sgomberato-e-chiuso","status":"publish","type":"post","link":"https:\/\/www.radioluna.it\/news\/2019\/02\/incendio-al-centro-al-karama-di-cocco-va-sgomberato-e-chiuso\/","title":{"rendered":"Incendio al centro Al Karama, Di Cocco: \u201cVa sgomberato e chiuso\u201d"},"content":{"rendered":"<div id=\"fb-root\"><\/div>\n<p style=\"text-align: justify;\"><strong>LATINA <\/strong>&#8211; Il Campo rom del centro Al Karama di Latina a causa di un incendio al quadro elettrico \u00e8 rimasto senza corrente da sabato. Sul posto sono intervenuti i Vigili del fuoco che hanno spento le fiamme che minacciavano di espandersi. L\u2019Enel ha messo a disposizione del centro, gruppi elettrogeni. \u201cQuel posto \u2013 dice il portavoce di Fratelli d\u2019Italia Gianluca di Cocco &#8211; \u00e8 diventato un \u201cghetto\u201d, dove queste persone convivono in promiscuit\u00e0, in condizioni umane disastrose. L\u2019accoglienza vera \u00e8 fatta di assicurazione di servizi essenziali e, soprattutto, \u00e8 fatta in vista di una temporaneit\u00e0 della permanenza degli \u201cospiti\u201d in quel luogo. Ad Al Karama i servizi non ci sono. Il centro \u2013 conclude Di Cocco \u2013 va sgomberato e chiuso\u201d.<\/p>\n<div class=\"radio-posizionamento-telefono-in-articoli-dopo-il-contenuto-articolo radio-entity-placement\" id=\"radio-1134878283\"><div id=\"radio-2220693663\"><a href=\"https:\/\/www.simeoneceramiche.com\/\" aria-label=\"SIMEONE CERAMICHE GIF animata per radioluna_Tavola disegno 1 copia 2 (online-video-cutter.com)\"><img loading=\"lazy\" decoding=\"async\" src=\"https:\/\/www.radioluna.it\/news\/wp-content\/uploads\/2025\/05\/SIMEONE-CERAMICHE-GIF-animata-per-radioluna_Tavola-disegno-1-copia-2-online-video-cutter.com_.gif\" alt=\"\"  width=\"300\" height=\"250\"   \/><\/a><\/div><\/div>","protected":false},"excerpt":{"rendered":"<p>LATINA &#8211; Il Campo rom del centro Al Karama di Latina a causa di un incendio al quadro elettrico \u00e8 rimasto senza corrente da sabato. Sul posto sono intervenuti i Vigili del fuoco che hanno spento le fiamme che minacciavano di espandersi. L\u2019Enel ha messo a disposizione del centro, gruppi elettrogeni. \u201cQuel posto \u2013 dice [&hellip;]<\/p>\n","protected":false},"author":60,"featured_media":0,"comment_status":"open","ping_status":"open","sticky":false,"template":"","format":"standard","meta":{"footnotes":""},"categories":[7],"tags":[],"class_list":["post-239356","post","type-post","status-publish","format-standard","hentry","category-cronaca"],"_links":{"self":[{"href":"https:\/\/www.radioluna.it\/news\/wp-json\/wp\/v2\/posts\/239356","targetHints":{"allow":["GET"]}}],"collection":[{"href":"https:\/\/www.radioluna.it\/news\/wp-json\/wp\/v2\/posts"}],"about":[{"href":"https:\/\/www.radioluna.it\/news\/wp-json\/wp\/v2\/types\/post"}],"author":[{"embeddable":true,"href":"https:\/\/www.radioluna.it\/news\/wp-json\/wp\/v2\/users\/60"}],"replies":[{"embeddable":true,"href":"https:\/\/www.radioluna.it\/news\/wp-json\/wp\/v2\/comments?post=239356"}],"version-history":[{"count":0,"href":"https:\/\/www.radioluna.it\/news\/wp-json\/wp\/v2\/posts\/239356\/revisions"}],"wp:attachment":[{"href":"https:\/\/www.radioluna.it\/news\/wp-json\/wp\/v2\/media?parent=239356"}],"wp:term":[{"taxonomy":"category","embeddable":true,"href":"https:\/\/www.radioluna.it\/news\/wp-json\/wp\/v2\/categories?post=239356"},{"taxonomy":"post_tag","embeddable":true,"href":"https:\/\/www.radioluna.it\/news\/wp-json\/wp\/v2\/tags?post=239356"}],"curies":[{"name":"wp","href":"https:\/\/api.w.org\/{rel}","templated":true}]}}