{"id":239463,"date":"2019-02-06T13:19:35","date_gmt":"2019-02-06T12:19:35","guid":{"rendered":"https:\/\/www.radioluna.it\/news\/?p=239463"},"modified":"2019-02-11T14:06:07","modified_gmt":"2019-02-11T13:06:07","slug":"al-teatro-moderno-il-bel-canto-poplirico","status":"publish","type":"post","link":"https:\/\/www.radioluna.it\/news\/2019\/02\/al-teatro-moderno-il-bel-canto-poplirico\/","title":{"rendered":"Al teatro Moderno Il bel canto PopLirico"},"content":{"rendered":"<div id=\"fb-root\"><\/div>\n<p style=\"text-align: justify;\"><strong>LATINA<\/strong> &#8211; Al teatro Moderno di Latina arriva\u00a0<strong>Il bel canto PopLirico<\/strong>\u00a0il\u00a0<strong>10 febbraio (alle 20,30) al Teatro Moderno di Latina. U<\/strong>no spettacolo nato da una idea della regista e cantante lirica e jazz <strong>Milena Zuppardo <\/strong>per coinvolgere anche\u00a0\u00a0un pubblico poco allenato all\u2019ascolto dell\u2019opera lirica.<\/p>\n<p style=\"text-align: justify;\">&#8220;Sono state raccolte in un contenitore diciamo \u201cnon tradizionale\u201d alcune pillole di opera lirica con intermezzi pop con l\u2019intento di avvicinare a questo genere che non si presenta semplice e che necessita di una attenzione e uno studio approfonditi per entrarvi nel vivo &#8211; spiegano gli organizzatori &#8211;\u00a0 \u00a0Lo spettacolo si \u00e8 costruito in funzione alle individualit\u00e0 di chi ha aderito al progetto del Bel Canto ma \u00e8 diventato un\u2019opera collettiva&#8221;.<\/p>\n<p style=\"text-align: justify;\">Cantanti provenienti da generi diversi che hanno messo a disposizione il loro bagaglio amatoriale di competenze artistiche allo scopo non di realizzare un\u2019opera in cui pochi selezionati protagonisti potessero esibire la loro bravura, ma di offrire a se stessi un\u2019occasione di crescita creativa attraverso un\u2019esperienza comune tra personalit\u00e0 provenienti da realt\u00e0 ed esperienze diversificate.<\/p>\n<p>&nbsp;<\/p>\n<div class=\"radio-posizionamento-telefono-in-articoli-dopo-il-contenuto-articolo radio-entity-placement\" id=\"radio-1873068325\"><div id=\"radio-3107272797\"><a href=\"https:\/\/www.simeoneceramiche.com\/\" aria-label=\"SIMEONE CERAMICHE GIF animata per radioluna_Tavola disegno 1 copia 2 (online-video-cutter.com)\"><img loading=\"lazy\" decoding=\"async\" src=\"https:\/\/www.radioluna.it\/news\/wp-content\/uploads\/2025\/05\/SIMEONE-CERAMICHE-GIF-animata-per-radioluna_Tavola-disegno-1-copia-2-online-video-cutter.com_.gif\" alt=\"\"  width=\"300\" height=\"250\"   \/><\/a><\/div><\/div>","protected":false},"excerpt":{"rendered":"<p>LATINA &#8211; Al teatro Moderno di Latina arriva\u00a0Il bel canto PopLirico\u00a0il\u00a010 febbraio (alle 20,30) al Teatro Moderno di Latina. Uno spettacolo nato da una idea della regista e cantante lirica e jazz Milena Zuppardo per coinvolgere anche\u00a0\u00a0un pubblico poco allenato all\u2019ascolto dell\u2019opera lirica. &#8220;Sono state raccolte in un contenitore diciamo \u201cnon tradizionale\u201d alcune pillole di [&hellip;]<\/p>\n","protected":false},"author":62,"featured_media":239695,"comment_status":"open","ping_status":"open","sticky":false,"template":"","format":"standard","meta":{"footnotes":""},"categories":[16],"tags":[],"class_list":["post-239463","post","type-post","status-publish","format-standard","has-post-thumbnail","hentry","category-appuntamenti"],"_links":{"self":[{"href":"https:\/\/www.radioluna.it\/news\/wp-json\/wp\/v2\/posts\/239463","targetHints":{"allow":["GET"]}}],"collection":[{"href":"https:\/\/www.radioluna.it\/news\/wp-json\/wp\/v2\/posts"}],"about":[{"href":"https:\/\/www.radioluna.it\/news\/wp-json\/wp\/v2\/types\/post"}],"author":[{"embeddable":true,"href":"https:\/\/www.radioluna.it\/news\/wp-json\/wp\/v2\/users\/62"}],"replies":[{"embeddable":true,"href":"https:\/\/www.radioluna.it\/news\/wp-json\/wp\/v2\/comments?post=239463"}],"version-history":[{"count":0,"href":"https:\/\/www.radioluna.it\/news\/wp-json\/wp\/v2\/posts\/239463\/revisions"}],"wp:featuredmedia":[{"embeddable":true,"href":"https:\/\/www.radioluna.it\/news\/wp-json\/wp\/v2\/media\/239695"}],"wp:attachment":[{"href":"https:\/\/www.radioluna.it\/news\/wp-json\/wp\/v2\/media?parent=239463"}],"wp:term":[{"taxonomy":"category","embeddable":true,"href":"https:\/\/www.radioluna.it\/news\/wp-json\/wp\/v2\/categories?post=239463"},{"taxonomy":"post_tag","embeddable":true,"href":"https:\/\/www.radioluna.it\/news\/wp-json\/wp\/v2\/tags?post=239463"}],"curies":[{"name":"wp","href":"https:\/\/api.w.org\/{rel}","templated":true}]}}