{"id":239478,"date":"2019-02-06T14:38:48","date_gmt":"2019-02-06T13:38:48","guid":{"rendered":"https:\/\/www.radioluna.it\/news\/?p=239478"},"modified":"2019-10-09T08:44:33","modified_gmt":"2019-10-09T06:44:33","slug":"influenza-a-latina-registrati-i-primi-casi-da-rianimazione-lichtner-attenti-ai-sintomi","status":"publish","type":"post","link":"https:\/\/www.radioluna.it\/news\/2019\/02\/influenza-a-latina-registrati-i-primi-casi-da-rianimazione-lichtner-attenti-ai-sintomi\/","title":{"rendered":"Influenza, a Latina registrati i primi casi da Rianimazione. Lichtner: &#8220;Attenti ai sintomi&#8221;"},"content":{"rendered":"<div id=\"fb-root\"><\/div>\n<p style=\"text-align: justify;\"><strong>LATINA<\/strong> &#8211; L&#8217;influenza arrivata a fine dicembre \u00e8 ora nel picco. &#8220;In questa settimana e nella precedente in provincia di Latina abbiamo registrato il maggior numero di casi &#8211; spiega la professoressa Miriam Lichtner &#8211; dirigente dell&#8217;Unit\u00e0 di malattie Infettive dell&#8217;ospedale Goretti di Latina. Non possiamo prevedere quello che accadr\u00e0 nelle prossime settimane, ma certamente queste due sono state le peggiori fino ad ora. Gli ospedali erano stati comunque allertati ed eravamo pronti ad accogliere anche i casi pi\u00f9 gravi&#8221;. E cos\u00ec \u00e8 stato.<\/p>\n<p style=\"text-align: justify;\">Il virus H1N1, la famigerata suina del 2009, \u00e8 quello peggiore quest&#8217;anno, e pu\u00f2 causare forme gravi polmonari. &#8220;Ci siamo trovati ad avere a Latina l&#8217;inizio dei casi gravi, precocemente rispetto a Roma &#8211;\u00a0 \u00a0Non abbiamo avuto decessi, ma forme\u00a0 che hanno richiesto l&#8217;intervento dei rianimatori e l&#8217;utilizzo di tecniche mininvasive di respirazione. Superata la crisi, abbiamo potuto accogliere i pazienti in reparto qui da noi&#8221;.<\/p>\n<p style=\"text-align: justify;\">I sintomi non vanno trascurati e la fame d&#8217;aria \u00e8 un grosso campanello d&#8217;allarme: &#8220;Non devono preoccupare febbre, mal di testa, dolori articolari che sono i sintomi pi\u00f9 comuni. Quello che succede nelle forme gravi \u00e8 che la persona comincia ad avere difficolt\u00e0 a respirare e in questi casi bisogna rivolgersi al medico e all&#8217;ospedale&#8221;, aggiunge l&#8217;infettivologa, sottolineando che quest&#8217;anno nel vaccino c&#8217;era anche l&#8217;H1N1,\u00a0 e che la copertura vaccinale \u00e8 purtroppo ancora bassa.<\/p>\n<p style=\"text-align: justify;\"><strong>IL RIFLESSO SUL PRONTO SOCCORSO<\/strong> &#8211; Un\u00a0 problema che ha riflessi anche sull&#8217;efficienza di altri servizi sanitari: &#8220;I decessi legati all&#8217;influenza per sindrome respiratoria sono stati 23 fino ad oggi in tutta Italia,\u00a0 192 I casi di influenza grave su milioni di casi di contagio, e quindi parliamo di una piccola percentuale. Non dobbiamo fare allarmismo. Ma \u00e8 importante fare il vaccino per due motivi: prima di tutto per evitare i decessi. Poi, perch\u00e9 la malattia, che \u00e8 benigna di per s\u00e9, causa problematiche di tipo organizzativo, sovraffollamento dei pronto soccorsi, come \u00e8 chiaro a chiunque visiti il nostro in questi giorni. Questo va a discapito e a danno dei pazienti che afferiscono nelle strutture per altre patologie&#8221;.<\/p>\n<p style=\"text-align: justify;\"><strong>ASCOLTA LICHTNER<\/strong><\/p>\n<audio class=\"wp-audio-shortcode\" id=\"audio-239478-1\" preload=\"none\" style=\"width: 100%;\" controls=\"controls\"><source type=\"audio\/mpeg\" src=\"https:\/\/www.radioluna.it\/news\/wp-content\/uploads\/2019\/02\/influenza.mp3?_=1\" \/><a href=\"https:\/\/www.radioluna.it\/news\/wp-content\/uploads\/2019\/02\/influenza.mp3\">https:\/\/www.radioluna.it\/news\/wp-content\/uploads\/2019\/02\/influenza.mp3<\/a><\/audio>\n<p>&nbsp;<\/p>\n<div class=\"radio-posizionamento-telefono-in-articoli-dopo-il-contenuto-articolo radio-entity-placement\" id=\"radio-425739040\"><div id=\"radio-2062156890\"><a href=\"https:\/\/grupporedi.it\/\" aria-label=\"Redi-Qr\"><img loading=\"lazy\" decoding=\"async\" src=\"https:\/\/www.radioluna.it\/news\/wp-content\/uploads\/2026\/03\/Redi-Qr.jpg\" alt=\"\"  srcset=\"https:\/\/www.radioluna.it\/news\/wp-content\/uploads\/2026\/03\/Redi-Qr.jpg 800w, https:\/\/www.radioluna.it\/news\/wp-content\/uploads\/2026\/03\/Redi-Qr-768x639.jpg 768w\" sizes=\"(max-width: 800px) 100vw, 800px\" width=\"300\" height=\"250\"   \/><\/a><\/div><\/div>","protected":false},"excerpt":{"rendered":"<p>LATINA &#8211; L&#8217;influenza arrivata a fine dicembre \u00e8 ora nel picco. &#8220;In questa settimana e nella precedente in provincia di Latina abbiamo registrato il maggior numero di casi &#8211; spiega la professoressa Miriam Lichtner &#8211; dirigente dell&#8217;Unit\u00e0 di malattie Infettive dell&#8217;ospedale Goretti di Latina. Non possiamo prevedere quello che accadr\u00e0 nelle prossime settimane, ma certamente [&hellip;]<\/p>\n","protected":false},"author":62,"featured_media":229518,"comment_status":"open","ping_status":"open","sticky":false,"template":"","format":"standard","meta":{"footnotes":""},"categories":[2310,2616],"tags":[],"class_list":["post-239478","post","type-post","status-publish","format-standard","has-post-thumbnail","hentry","category-audio","category-sanita"],"_links":{"self":[{"href":"https:\/\/www.radioluna.it\/news\/wp-json\/wp\/v2\/posts\/239478","targetHints":{"allow":["GET"]}}],"collection":[{"href":"https:\/\/www.radioluna.it\/news\/wp-json\/wp\/v2\/posts"}],"about":[{"href":"https:\/\/www.radioluna.it\/news\/wp-json\/wp\/v2\/types\/post"}],"author":[{"embeddable":true,"href":"https:\/\/www.radioluna.it\/news\/wp-json\/wp\/v2\/users\/62"}],"replies":[{"embeddable":true,"href":"https:\/\/www.radioluna.it\/news\/wp-json\/wp\/v2\/comments?post=239478"}],"version-history":[{"count":0,"href":"https:\/\/www.radioluna.it\/news\/wp-json\/wp\/v2\/posts\/239478\/revisions"}],"wp:featuredmedia":[{"embeddable":true,"href":"https:\/\/www.radioluna.it\/news\/wp-json\/wp\/v2\/media\/229518"}],"wp:attachment":[{"href":"https:\/\/www.radioluna.it\/news\/wp-json\/wp\/v2\/media?parent=239478"}],"wp:term":[{"taxonomy":"category","embeddable":true,"href":"https:\/\/www.radioluna.it\/news\/wp-json\/wp\/v2\/categories?post=239478"},{"taxonomy":"post_tag","embeddable":true,"href":"https:\/\/www.radioluna.it\/news\/wp-json\/wp\/v2\/tags?post=239478"}],"curies":[{"name":"wp","href":"https:\/\/api.w.org\/{rel}","templated":true}]}}