{"id":239610,"date":"2019-02-08T11:08:30","date_gmt":"2019-02-08T10:08:30","guid":{"rendered":"https:\/\/www.radioluna.it\/news\/?p=239610"},"modified":"2019-02-08T11:09:06","modified_gmt":"2019-02-08T10:09:06","slug":"il-parco-del-circeo-alla-bit-di-milano","status":"publish","type":"post","link":"https:\/\/www.radioluna.it\/news\/2019\/02\/il-parco-del-circeo-alla-bit-di-milano\/","title":{"rendered":"Il Parco del Circeo alla Bit di Milano"},"content":{"rendered":"<div id=\"fb-root\"><\/div>\n<p style=\"text-align: justify;\"><strong>SABAUDIA<\/strong> &#8211;\u00a0Il Parco Nazionale del Circeo, su invito della Regione Lazio, sar\u00e0 presente per la prima volta alla BIT &#8211; Borsa Internazionale del Turismo di Milano, la storica manifestazione organizzata da Fiera Milano che dal 1980 porta nel capoluogo lombardo operatori turistici e viaggiatori da tutto il mondo. &#8220;La rassegna, che si svolger\u00e0 dal 10 al 12 febbraio 2019, rappresenta un&#8217;occasione preziosa per mettere in mostra le eccellenze dell\u2019area protetta e del suo territorio &#8211; dicono dal Parco &#8211;\u00a0 offrendo ed incrementando le occasioni di incontro per gli operatori di settore e puntando sempre pi\u00f9 verso un turismo sostenibile ed internazionale&#8221;. Una vetrina internazionale per il Parco che porter\u00e0 alla Bit, depliant e materiali dei 6 ambienti del Parco: la Foresta, la Duna, le Zone Umide, l\u2019Isola di Zannone, il Promontorio del Circeo e i Beni Archeostorici. I visitatori riceveranno anche il Calendario del Parco 2019 con scatti donati dal fotografo Paolo Petrignani che mostrano 13 particolari del patrimonio naturalistico e archeostorico di questa area protetta.<\/p>\n<p style=\"text-align: justify;\"><strong>LAZIO REGIONE DELLE MERAVIGLIE<\/strong> &#8211; L\u2019Agenzia regionale del Turismo, nelle tre giornate di fiera, ha organizzato l\u2019evento di promozione e comunicazione \u201cLazio, la Regione delle Meraviglie\u201d, articolato in slot, all\u2019interno dei quali i rappresentanti delle diverse realt\u00e0 locali presenteranno le novit\u00e0 della prossima stagione turistica e i progetti messi in campo. I riflettori della Bit si accenderanno in particolare sulle eccellenze enogastronomiche del Lazio attraverso \u201cfood-experience\u201d e \u201cdegustazione dei prodotti del Lazio\u201d.<\/p>\n<p style=\"text-align: justify;\"><strong>TURISMO LENTO<\/strong> &#8211; Luned\u00ec 11 febbraio alle ore 10,30 si terr\u00e0 quindi il convegno \u201cTurismo lento, itinerari del Lazio\u201d a cura di Stefano Ardito giornalista e documentarista con la partecipazione di Lorenza Bonaccorsi, Assessore regionale al Turismo, Paolo Cassola Direttore del Parco Nazionale del Circeo e Fortunato Demofonte della Sezione di Amatrice del CAI. Si parler\u00e0 quindi di turismo e itinerari outdoor:\u00a0 della ricchezza delle aree naturalistiche del Circeo e di tutti i diversi modi di vivere il parco (storia, archeologia, didattica, turismo, sport, enogastronomia); della\u00a0 montagna di Amatrice e i suoi percorsi per ogni tipo di camminatore, dal dilettante al pi\u00f9 esperto, della Casa della Montagna, ideata dal Club Alpino Italiano in collaborazione con Anpas, che ospiter\u00e0 il CAI di Amatrice e tutte le attivit\u00e0 ricreativo e culturali legate alla montagna ed ancora dell\u2019Itinerario Italia, il pi\u00f9 lungo d\u2019Europa. \u00a0Il \u201cturismo lento\u201d \u00e8 un modo per valorizzare i tesori nascosti e i territori meno conosciuti dal turismo nazionale ed internazionale e rilanciarli in chiave sostenibile favorendo esperienze di viaggio innovative: in questo percorso \u00e8 fondamentale associare alla promozione e alle emozioni per le bellezze culturali, naturalistiche e storiche del luogo anche l\u2019enogastronomia di qualit\u00e0.<\/p>\n<p style=\"text-align: justify;\">L\u2019Ente Parco Nazionale del Circeo (www.parcocirceo.it) &#8211; oltre a presentare le sue bellezze ed opportunit\u00e0 per favorire e accogliere un turismo \u201clento e sostenibile\u201d e i protocolli d\u2019intesa con il Ministero dei Beni Culturali DGER per conoscere e valorizzare il suo patrimonio archeostorico &#8211; parler\u00e0 anche del progetto sperimentale \u00a0in corso, sviluppato in collaborazione di TecnostudioAmbiente S.r.l., all\u2019interno dell\u2019Agro Pontino, finalizzato ad una nuova forma di diffusione della conoscenza dei beni culturali e alla valorizzazione del territorio per una strategia turistica innovativa. Il modello \u00e8 stato e continua ad essere quello di realizzare un sistema Open Source di Management GIS Desktop e di un WebGis, attraverso il quale rendere fruibile l\u2019accesso alle informazioni turistiche geotematiche in maniera sintetica, veloce e accattivante.<\/p>\n<p style=\"text-align: justify;\">La presenza del Parco alla Bit 2019 sar\u00e0 anche di \u201cgusto\u201d grazie ad una rappresentanza di prodotti e produttori protagonisti del fine mattina di luned\u00ec 11 febbraio con una degustazione della filiera della bufala (sia carne che derivati del latte), coordinata dai fratelli Avagliano (Antico Mulino) accompagnata da altri prodotti di eccellenza: l\u2019Azienda Biodinamica AgriLatina con frutta, ortaggi e trasformati; il plurimetriato olio anche biologico di Paola Orsini; il vino biologico dell\u2019Azienda agricola Ganci e tra storia e innovazione ci sar\u00e0 pure il Bio Finger Lime o limone di caviale verde una novit\u00e0 assoluta e molto apprezzata nel panorama enogastronomico e nutrizionale.<\/p>\n<p style=\"text-align: justify;\">\n","protected":false},"excerpt":{"rendered":"<p>SABAUDIA &#8211;\u00a0Il Parco Nazionale del Circeo, su invito della Regione Lazio, sar\u00e0 presente per la prima volta alla BIT &#8211; Borsa Internazionale del Turismo di Milano, la storica manifestazione organizzata da Fiera Milano che dal 1980 porta nel capoluogo lombardo operatori turistici e viaggiatori da tutto il mondo. &#8220;La rassegna, che si svolger\u00e0 dal 10 [&hellip;]<\/p>\n","protected":false},"author":60,"featured_media":238164,"comment_status":"open","ping_status":"open","sticky":false,"template":"","format":"standard","meta":{"footnotes":""},"categories":[12],"tags":[],"class_list":["post-239610","post","type-post","status-publish","format-standard","has-post-thumbnail","hentry","category-ambiente"],"_links":{"self":[{"href":"https:\/\/www.radioluna.it\/news\/wp-json\/wp\/v2\/posts\/239610","targetHints":{"allow":["GET"]}}],"collection":[{"href":"https:\/\/www.radioluna.it\/news\/wp-json\/wp\/v2\/posts"}],"about":[{"href":"https:\/\/www.radioluna.it\/news\/wp-json\/wp\/v2\/types\/post"}],"author":[{"embeddable":true,"href":"https:\/\/www.radioluna.it\/news\/wp-json\/wp\/v2\/users\/60"}],"replies":[{"embeddable":true,"href":"https:\/\/www.radioluna.it\/news\/wp-json\/wp\/v2\/comments?post=239610"}],"version-history":[{"count":0,"href":"https:\/\/www.radioluna.it\/news\/wp-json\/wp\/v2\/posts\/239610\/revisions"}],"wp:featuredmedia":[{"embeddable":true,"href":"https:\/\/www.radioluna.it\/news\/wp-json\/wp\/v2\/media\/238164"}],"wp:attachment":[{"href":"https:\/\/www.radioluna.it\/news\/wp-json\/wp\/v2\/media?parent=239610"}],"wp:term":[{"taxonomy":"category","embeddable":true,"href":"https:\/\/www.radioluna.it\/news\/wp-json\/wp\/v2\/categories?post=239610"},{"taxonomy":"post_tag","embeddable":true,"href":"https:\/\/www.radioluna.it\/news\/wp-json\/wp\/v2\/tags?post=239610"}],"curies":[{"name":"wp","href":"https:\/\/api.w.org\/{rel}","templated":true}]}}