{"id":239755,"date":"2019-02-11T09:26:07","date_gmt":"2019-02-11T08:26:07","guid":{"rendered":"https:\/\/www.radioluna.it\/news\/?p=239755"},"modified":"2019-02-11T09:27:07","modified_gmt":"2019-02-11T08:27:07","slug":"folk-a-meta-sesto-appuntamento-con-canio-loguercio-e-alessandro-dalessandro","status":"publish","type":"post","link":"https:\/\/www.radioluna.it\/news\/2019\/02\/folk-a-meta-sesto-appuntamento-con-canio-loguercio-e-alessandro-dalessandro\/","title":{"rendered":"Folk a met\u00e0, sesto appuntamento con Canio Loguercio e Alessandro D&#8217;Alessandro"},"content":{"rendered":"<div id=\"fb-root\"><\/div>\n<p style=\"text-align: justify;\"><strong>LATINA<\/strong> &#8211; Prosegue la rassegna Folk a met\u00e0, occasione di incontro e di incrocio tra musiche di diversa provenienza. Il sesto appuntamento \u00e8 per venerd\u00ec 15 febbraio al MADXI, il Museo di arte contemporanea di Via Carrara (presso la sede del Consorzio Industriale) con CANIO LOGUERCIO &amp; ALESSANDRO D&#8217;ALESSANDRO. &#8220;Un concerto colto e popolare di \u201cballate e canzoni d\u2019ammore\u201d a fil\u2019e voce fra struggimenti, giaculatorie, smarrimenti. Il mondo visionario-elettrico di Canio Loguercio, autore e interprete in scena, rivisitato da Alessandro D\u2019Alessandro, autore degli arrangiamenti, in chiave acustica e loops ritmico-melodiche. Un racconto dolente e raffinato\u00a0 &#8211; spiegano\u00a0 gli organizzatori della rassegna &#8211; di uno dei pi\u00f9 originali cantautori in napoletano \u2013 la lingua delle passioni \u2013 attraverso il respiro orchestrale di un virtuoso dell\u2019organetto&#8221;.<\/p>\n<p>Folk a met\u00e0 proseguir\u00e0 con\u00a0TIZIANA LO CONTE &amp; FEDERICA MICHISANTI + BANDANCIA3; sabato 2 marzo con O-JAN\u00c0 e sabato 9 marzo con NED [Nostra Etichetta Discografica]<\/p>\n<div class=\"radio-posizionamento-telefono-in-articoli-dopo-il-contenuto-articolo radio-entity-placement\" id=\"radio-1338146453\"><div id=\"radio-1239733299\"><a href=\"https:\/\/grupporedi.it\/\" aria-label=\"Redi-Qr\"><img loading=\"lazy\" decoding=\"async\" src=\"https:\/\/www.radioluna.it\/news\/wp-content\/uploads\/2026\/03\/Redi-Qr.jpg\" alt=\"\"  srcset=\"https:\/\/www.radioluna.it\/news\/wp-content\/uploads\/2026\/03\/Redi-Qr.jpg 800w, https:\/\/www.radioluna.it\/news\/wp-content\/uploads\/2026\/03\/Redi-Qr-768x639.jpg 768w\" sizes=\"(max-width: 800px) 100vw, 800px\" width=\"300\" height=\"250\"   \/><\/a><\/div><\/div>","protected":false},"excerpt":{"rendered":"<p>LATINA &#8211; Prosegue la rassegna Folk a met\u00e0, occasione di incontro e di incrocio tra musiche di diversa provenienza. Il sesto appuntamento \u00e8 per venerd\u00ec 15 febbraio al MADXI, il Museo di arte contemporanea di Via Carrara (presso la sede del Consorzio Industriale) con CANIO LOGUERCIO &amp; ALESSANDRO D&#8217;ALESSANDRO. &#8220;Un concerto colto e popolare di [&hellip;]<\/p>\n","protected":false},"author":60,"featured_media":239756,"comment_status":"open","ping_status":"open","sticky":false,"template":"","format":"standard","meta":{"footnotes":""},"categories":[16],"tags":[],"class_list":["post-239755","post","type-post","status-publish","format-standard","has-post-thumbnail","hentry","category-appuntamenti"],"_links":{"self":[{"href":"https:\/\/www.radioluna.it\/news\/wp-json\/wp\/v2\/posts\/239755","targetHints":{"allow":["GET"]}}],"collection":[{"href":"https:\/\/www.radioluna.it\/news\/wp-json\/wp\/v2\/posts"}],"about":[{"href":"https:\/\/www.radioluna.it\/news\/wp-json\/wp\/v2\/types\/post"}],"author":[{"embeddable":true,"href":"https:\/\/www.radioluna.it\/news\/wp-json\/wp\/v2\/users\/60"}],"replies":[{"embeddable":true,"href":"https:\/\/www.radioluna.it\/news\/wp-json\/wp\/v2\/comments?post=239755"}],"version-history":[{"count":0,"href":"https:\/\/www.radioluna.it\/news\/wp-json\/wp\/v2\/posts\/239755\/revisions"}],"wp:featuredmedia":[{"embeddable":true,"href":"https:\/\/www.radioluna.it\/news\/wp-json\/wp\/v2\/media\/239756"}],"wp:attachment":[{"href":"https:\/\/www.radioluna.it\/news\/wp-json\/wp\/v2\/media?parent=239755"}],"wp:term":[{"taxonomy":"category","embeddable":true,"href":"https:\/\/www.radioluna.it\/news\/wp-json\/wp\/v2\/categories?post=239755"},{"taxonomy":"post_tag","embeddable":true,"href":"https:\/\/www.radioluna.it\/news\/wp-json\/wp\/v2\/tags?post=239755"}],"curies":[{"name":"wp","href":"https:\/\/api.w.org\/{rel}","templated":true}]}}