{"id":239766,"date":"2019-02-11T10:21:45","date_gmt":"2019-02-11T09:21:45","guid":{"rendered":"https:\/\/www.radioluna.it\/news\/?p=239766"},"modified":"2019-02-12T10:19:13","modified_gmt":"2019-02-12T09:19:13","slug":"turismo-lento-nel-paco-del-circeo-se-ne-parla-a-milano","status":"publish","type":"post","link":"https:\/\/www.radioluna.it\/news\/2019\/02\/turismo-lento-nel-paco-del-circeo-se-ne-parla-a-milano\/","title":{"rendered":"Turismo lento nel Parco del Circeo, se ne parla a Milano"},"content":{"rendered":"<div id=\"fb-root\"><\/div>\n<p><em>(nella foto l&#8217;assessora regionale al Turismo Lorenza Bonaccorsi e il direttore del Parco del Circeo Paolo Cassola)<\/em><\/p>\n<p style=\"text-align: justify;\"><strong>LATINA<\/strong> &#8211;\u00a0E\u2019 iniziata l\u2019avventura del Parco Nazionale del Circeo alla BIT &#8211; Borsa Internazionale del Turismo di Milano, la storica manifestazione che vede la partecipazione di operatori turistici e viaggiatori da tutto il mondo. Distribuito il Calendario del Parco 2019 \u00a0con gli scatti donati dal fotografo Paolo Petrignani che mostrano 13 particolari del patrimonio naturalistico costituito da foresta,\u00a0 duna,\u00a0 zone umide, isola di Zannone, promontorio del Circeo e beni archeostorici. E proprio oggi ( luned\u00ec 11 febbraio) \u00a0si terr\u00e0 il convegno \u201cTurismo lento, itinerari del Lazio\u201d un modo di conoscere i luoghi su cui il Parco sta puntando.<\/p>\n<p style=\"text-align: justify;\">L\u2019appuntamento \u00e8 a cura di Stefano Ardito giornalista e documentarista con la partecipazione di Lorenza Bonaccorsi, Assessore regionale al Turismo, Paolo Cassola Direttore del Parco Nazionale del Circeo e Fortunato Demofonte della Sezione di Amatrice del CAI. Si parler\u00e0 di turismo e itinerari outdoor: della ricchezza delle aree naturalistiche del Circeo e di tutti i diversi modi di vivere il parco (storia, archeologia, didattica, turismo, sport, enogastronomia); della montagna di Amatrice e i suoi percorsi per ogni tipo di camminatore, dal dilettante al pi\u00f9 esperto, della Casa della Montagna, ideata dal Club Alpino Italiano in collaborazione con Anpas, che ospiter\u00e0 il CAI di Amatrice e tutte le attivit\u00e0 ricreativo e culturali legate alla montagna ed ancora dell\u2019Itinerario Italia, il pi\u00f9 lungo d\u2019Europa.<\/p>\n<p style=\"text-align: justify;\">L\u2019Ente Parco Nazionale del Circeo parler\u00e0 anche del progetto sperimentale in corso, sviluppato in collaborazione di TecnostudioAmbiente S.r.l., all\u2019interno dell\u2019Agro Pontino, finalizzato ad una nuova forma di diffusione della conoscenza dei beni culturali e alla valorizzazione del territorio per una strategia turistica innovativa. Il modello\u00a0 &#8211; spiegano dal Parco\u00a0 &#8211; \u00e8 stato e continua ad essere quello di realizzare un sistema Open Source di Management GIS Desktop e di un WebGis, attraverso il quale rendere fruibile l\u2019accesso alle informazioni turistiche geotematiche in maniera sintetica, veloce e accattivante.<\/p>\n<p style=\"text-align: justify;\"><strong>DEGUSTAZIONI &#8211;<\/strong> Protagonisti anche i prodotti e i produttori del Parco con una degustazione della filiera della bufala (sia carne che derivati del latte), coordinata dai fratelli Avagliano (Antico Mulino) accompagnata da altri prodotti di eccellenza: l\u2019Azienda Biodinamica AgriLatina con frutta, ortaggi e trasformati; l\u2019 olio anche biologico di Paola Orsini; il vino biologico dell\u2019Azienda agricola Ganci e tra storia e innovazione ci sar\u00e0 pure il Bio Finger Lime o limone di caviale verde una novit\u00e0 assoluta e molto apprezzata nel panorama enogastronomico e nutrizionale.<\/p>\n<div class=\"radio-posizionamento-telefono-in-articoli-dopo-il-contenuto-articolo radio-entity-placement\" id=\"radio-3499178108\"><div id=\"radio-643916080\" style=\"width: 300px;height: 250px;\"><a href=\"https:\/\/www.icarspa.it\/auto\/usate\/latina\/\" aria-label=\"banner aprile icar new life &#8211; auto usate latina\"><img loading=\"lazy\" decoding=\"async\" src=\"https:\/\/www.radioluna.it\/news\/wp-content\/uploads\/2026\/02\/banner-aprile-icar-new-life-auto-usate-latina.gif\" alt=\"\"  width=\"300\" height=\"250\"   \/><\/a><\/div><\/div>","protected":false},"excerpt":{"rendered":"<p>(nella foto l&#8217;assessora regionale al Turismo Lorenza Bonaccorsi e il direttore del Parco del Circeo Paolo Cassola) LATINA &#8211;\u00a0E\u2019 iniziata l\u2019avventura del Parco Nazionale del Circeo alla BIT &#8211; Borsa Internazionale del Turismo di Milano, la storica manifestazione che vede la partecipazione di operatori turistici e viaggiatori da tutto il mondo. Distribuito il Calendario del [&hellip;]<\/p>\n","protected":false},"author":60,"featured_media":239767,"comment_status":"open","ping_status":"open","sticky":false,"template":"","format":"standard","meta":{"footnotes":""},"categories":[12],"tags":[],"class_list":["post-239766","post","type-post","status-publish","format-standard","has-post-thumbnail","hentry","category-ambiente"],"_links":{"self":[{"href":"https:\/\/www.radioluna.it\/news\/wp-json\/wp\/v2\/posts\/239766","targetHints":{"allow":["GET"]}}],"collection":[{"href":"https:\/\/www.radioluna.it\/news\/wp-json\/wp\/v2\/posts"}],"about":[{"href":"https:\/\/www.radioluna.it\/news\/wp-json\/wp\/v2\/types\/post"}],"author":[{"embeddable":true,"href":"https:\/\/www.radioluna.it\/news\/wp-json\/wp\/v2\/users\/60"}],"replies":[{"embeddable":true,"href":"https:\/\/www.radioluna.it\/news\/wp-json\/wp\/v2\/comments?post=239766"}],"version-history":[{"count":0,"href":"https:\/\/www.radioluna.it\/news\/wp-json\/wp\/v2\/posts\/239766\/revisions"}],"wp:featuredmedia":[{"embeddable":true,"href":"https:\/\/www.radioluna.it\/news\/wp-json\/wp\/v2\/media\/239767"}],"wp:attachment":[{"href":"https:\/\/www.radioluna.it\/news\/wp-json\/wp\/v2\/media?parent=239766"}],"wp:term":[{"taxonomy":"category","embeddable":true,"href":"https:\/\/www.radioluna.it\/news\/wp-json\/wp\/v2\/categories?post=239766"},{"taxonomy":"post_tag","embeddable":true,"href":"https:\/\/www.radioluna.it\/news\/wp-json\/wp\/v2\/tags?post=239766"}],"curies":[{"name":"wp","href":"https:\/\/api.w.org\/{rel}","templated":true}]}}