{"id":239931,"date":"2019-02-13T07:05:06","date_gmt":"2019-02-13T06:05:06","guid":{"rendered":"https:\/\/www.radioluna.it\/news\/?p=239931"},"modified":"2019-02-13T07:05:06","modified_gmt":"2019-02-13T06:05:06","slug":"la-lega-sbarca-a-ponza-entra-ambrosino","status":"publish","type":"post","link":"https:\/\/www.radioluna.it\/news\/2019\/02\/la-lega-sbarca-a-ponza-entra-ambrosino\/","title":{"rendered":"La Lega sbarca a Ponza: entra Ambrosino"},"content":{"rendered":"<div id=\"fb-root\"><\/div>\n<p style=\"text-align: justify;\"><strong>PONZA<\/strong> &#8211; La Lega sbarca a Ponza con l&#8217;ingresso nella formazione politica del consigliere comunale Francesco\u00a0 Ambrosino operatore turistico. &#8220;Accetto\u00a0questa sfida e desidero dare il mio contributo ad un partito che nel tempo ha dimostrato di essere vicino alle esigenze dei cittadini e ha saputo essere all\u2019altezza delle sfide amministrative; dalle pi\u00f9 piccole realt\u00e0 locali fino a quelle pi\u00f9 impegnative e gravose, sempre con il medesimo piglio e la stessa determinazione\u201d, spiega Ambrosino.<br \/>\nNe danno notizia il coordinartore provinciale Matteo Adinolfi e il portavoce Pino Iuliano, regista di quella che la Lega considera &#8220;un&#8217;importante adesione&#8221;. Iuliano aggiunge che\u00a0 &#8220;altre novit\u00e0 sono in arrivo per la bella isola del Tirreno&#8221;. Ambrosino \u00e8 il primo consigliere di Ponza ad aderire alla Lega.<\/p>\n<div class=\"radio-posizionamento-telefono-in-articoli-dopo-il-contenuto-articolo radio-entity-placement\" id=\"radio-3487065002\"><div id=\"radio-3448962598\"><a href=\"https:\/\/grupporedi.it\/\" aria-label=\"Redi-Qr\"><img loading=\"lazy\" decoding=\"async\" src=\"https:\/\/www.radioluna.it\/news\/wp-content\/uploads\/2026\/03\/Redi-Qr.jpg\" alt=\"\"  srcset=\"https:\/\/www.radioluna.it\/news\/wp-content\/uploads\/2026\/03\/Redi-Qr.jpg 800w, https:\/\/www.radioluna.it\/news\/wp-content\/uploads\/2026\/03\/Redi-Qr-768x639.jpg 768w\" sizes=\"(max-width: 800px) 100vw, 800px\" width=\"300\" height=\"250\"   \/><\/a><\/div><\/div>","protected":false},"excerpt":{"rendered":"<p>PONZA &#8211; La Lega sbarca a Ponza con l&#8217;ingresso nella formazione politica del consigliere comunale Francesco\u00a0 Ambrosino operatore turistico. &#8220;Accetto\u00a0questa sfida e desidero dare il mio contributo ad un partito che nel tempo ha dimostrato di essere vicino alle esigenze dei cittadini e ha saputo essere all\u2019altezza delle sfide amministrative; dalle pi\u00f9 piccole realt\u00e0 locali [&hellip;]<\/p>\n","protected":false},"author":62,"featured_media":239932,"comment_status":"open","ping_status":"open","sticky":false,"template":"","format":"standard","meta":{"footnotes":""},"categories":[8],"tags":[],"class_list":["post-239931","post","type-post","status-publish","format-standard","has-post-thumbnail","hentry","category-politica"],"_links":{"self":[{"href":"https:\/\/www.radioluna.it\/news\/wp-json\/wp\/v2\/posts\/239931","targetHints":{"allow":["GET"]}}],"collection":[{"href":"https:\/\/www.radioluna.it\/news\/wp-json\/wp\/v2\/posts"}],"about":[{"href":"https:\/\/www.radioluna.it\/news\/wp-json\/wp\/v2\/types\/post"}],"author":[{"embeddable":true,"href":"https:\/\/www.radioluna.it\/news\/wp-json\/wp\/v2\/users\/62"}],"replies":[{"embeddable":true,"href":"https:\/\/www.radioluna.it\/news\/wp-json\/wp\/v2\/comments?post=239931"}],"version-history":[{"count":0,"href":"https:\/\/www.radioluna.it\/news\/wp-json\/wp\/v2\/posts\/239931\/revisions"}],"wp:featuredmedia":[{"embeddable":true,"href":"https:\/\/www.radioluna.it\/news\/wp-json\/wp\/v2\/media\/239932"}],"wp:attachment":[{"href":"https:\/\/www.radioluna.it\/news\/wp-json\/wp\/v2\/media?parent=239931"}],"wp:term":[{"taxonomy":"category","embeddable":true,"href":"https:\/\/www.radioluna.it\/news\/wp-json\/wp\/v2\/categories?post=239931"},{"taxonomy":"post_tag","embeddable":true,"href":"https:\/\/www.radioluna.it\/news\/wp-json\/wp\/v2\/tags?post=239931"}],"curies":[{"name":"wp","href":"https:\/\/api.w.org\/{rel}","templated":true}]}}