{"id":239955,"date":"2019-02-13T09:11:01","date_gmt":"2019-02-13T08:11:01","guid":{"rendered":"https:\/\/www.radioluna.it\/news\/?p=239955"},"modified":"2019-02-15T07:39:29","modified_gmt":"2019-02-15T06:39:29","slug":"latina-valerio-catoia-nuovo-eroe-stasera-su-rai-tre","status":"publish","type":"post","link":"https:\/\/www.radioluna.it\/news\/2019\/02\/latina-valerio-catoia-nuovo-eroe-stasera-su-rai-tre\/","title":{"rendered":"Latina, Valerio Catoia nuovo eroe stasera su Rai Tre"},"content":{"rendered":"<div id=\"fb-root\"><\/div>\n<p style=\"text-align: justify;\"><strong>LATINA<\/strong> &#8211;\u00a0 E&#8217; arrivato il giorno di Valerio Catoia.\u00a0 Stasera (13 febbraio alle 20,25) il nuotatore speciale di Latina sar\u00e0 tra i protagonisti\u00a0 della docufiction in onda su Rai Tre dal titolo\u00a0 i\u00a0&#8216;Nuovi Eroi&#8217; del nostro tempo, ovvero cittadini insigniti dal Presidente della Repubblica Sergio Mattarella con l&#8217;Ordine al Merito della Repubblica Italiana.\u00a0 Valerio infatti \u00e8 Alfiere della Repubblica scelto per aver salvato dall&#8217;annegamento una bambina alla Bufalara sul lungomare tra Latina e Sabaudia in un giorno di mare molto mosso.<\/p>\n<p style=\"text-align: justify;\">I &#8216;Nuovi Eroi&#8217;\u00a0 &#8211; spiegano i produttori\u00a0 &#8211; sono eroi comuni, sconosciuti al grande pubblico, ma eroi veri, esempio virtuoso per tutto il Paese. Alcune volte le loro storie sono salite alla ribalta della cronaca, altre volte no. Vicende che raccontano uno spaccato reale dell&#8217;Italia animata da un profondo senso civico ed esprimono il senso di comunit\u00e0 che definisce una nazione. Nuovi Eroi \u00e8 un modo per raccontare la forza dell&#8217;Italia esaltando l&#8217;eccellenza e la normalit\u00e0 di azioni che possono essere compiute da chiunque, perch\u00e9 gli eroi esistono, sono persone normali e vivono in mezzo a noi.<\/p>\n<div class=\"radio-posizionamento-telefono-in-articoli-dopo-il-contenuto-articolo radio-entity-placement\" id=\"radio-1491283884\"><div id=\"radio-2302448382\"><a href=\"https:\/\/www.simeoneceramiche.com\/\" aria-label=\"SIMEONE CERAMICHE GIF animata per radioluna_Tavola disegno 1 copia 2 (online-video-cutter.com)\"><img loading=\"lazy\" decoding=\"async\" src=\"https:\/\/www.radioluna.it\/news\/wp-content\/uploads\/2025\/05\/SIMEONE-CERAMICHE-GIF-animata-per-radioluna_Tavola-disegno-1-copia-2-online-video-cutter.com_.gif\" alt=\"\"  width=\"300\" height=\"250\"   \/><\/a><\/div><\/div>","protected":false},"excerpt":{"rendered":"<p>LATINA &#8211;\u00a0 E&#8217; arrivato il giorno di Valerio Catoia.\u00a0 Stasera (13 febbraio alle 20,25) il nuotatore speciale di Latina sar\u00e0 tra i protagonisti\u00a0 della docufiction in onda su Rai Tre dal titolo\u00a0 i\u00a0&#8216;Nuovi Eroi&#8217; del nostro tempo, ovvero cittadini insigniti dal Presidente della Repubblica Sergio Mattarella con l&#8217;Ordine al Merito della Repubblica Italiana.\u00a0 Valerio infatti [&hellip;]<\/p>\n","protected":false},"author":62,"featured_media":239956,"comment_status":"open","ping_status":"open","sticky":false,"template":"","format":"standard","meta":{"footnotes":""},"categories":[735],"tags":[],"class_list":["post-239955","post","type-post","status-publish","format-standard","has-post-thumbnail","hentry","category-attualita"],"_links":{"self":[{"href":"https:\/\/www.radioluna.it\/news\/wp-json\/wp\/v2\/posts\/239955","targetHints":{"allow":["GET"]}}],"collection":[{"href":"https:\/\/www.radioluna.it\/news\/wp-json\/wp\/v2\/posts"}],"about":[{"href":"https:\/\/www.radioluna.it\/news\/wp-json\/wp\/v2\/types\/post"}],"author":[{"embeddable":true,"href":"https:\/\/www.radioluna.it\/news\/wp-json\/wp\/v2\/users\/62"}],"replies":[{"embeddable":true,"href":"https:\/\/www.radioluna.it\/news\/wp-json\/wp\/v2\/comments?post=239955"}],"version-history":[{"count":0,"href":"https:\/\/www.radioluna.it\/news\/wp-json\/wp\/v2\/posts\/239955\/revisions"}],"wp:featuredmedia":[{"embeddable":true,"href":"https:\/\/www.radioluna.it\/news\/wp-json\/wp\/v2\/media\/239956"}],"wp:attachment":[{"href":"https:\/\/www.radioluna.it\/news\/wp-json\/wp\/v2\/media?parent=239955"}],"wp:term":[{"taxonomy":"category","embeddable":true,"href":"https:\/\/www.radioluna.it\/news\/wp-json\/wp\/v2\/categories?post=239955"},{"taxonomy":"post_tag","embeddable":true,"href":"https:\/\/www.radioluna.it\/news\/wp-json\/wp\/v2\/tags?post=239955"}],"curies":[{"name":"wp","href":"https:\/\/api.w.org\/{rel}","templated":true}]}}