{"id":240099,"date":"2019-02-14T19:21:43","date_gmt":"2019-02-14T18:21:43","guid":{"rendered":"https:\/\/www.radioluna.it\/news\/?p=240099"},"modified":"2019-02-15T09:04:53","modified_gmt":"2019-02-15T08:04:53","slug":"ninfa-arriva-il-biglietto-quattro-stagioni-nellultimo-anno-110-mila-ingressi","status":"publish","type":"post","link":"https:\/\/www.radioluna.it\/news\/2019\/02\/ninfa-arriva-il-biglietto-quattro-stagioni-nellultimo-anno-110-mila-ingressi\/","title":{"rendered":"Ninfa, arriva il biglietto quattro stagioni. Nell&#8217;ultimo anno 110 mila ingressi"},"content":{"rendered":"<div id=\"fb-root\"><\/div>\n<p style=\"text-align: justify;\"><strong>LATINA<\/strong> &#8211; Ninfa non smette mai di stupire. E mentre i primi fiori di magnolia gi\u00e0 spuntano sugli alberi\u00a0 nonostante i timori del direttore del Giardino Lauro Marchetti: &#8220;Io li prego di stare calmi, perch\u00e9 potrebbe arrivare una gelata, ma non mi ascoltano&#8221;, la Fondazione Roffredo Caetani annuncia un programma di nuove esperienze per i visitatori, nuovi percorsi, un abbonamento quattro stagioni e un calendario mensile di visite letterarie con i Parchi Letterari. Acceleratore anche sui prodotti della Tenuta Caetani\u00a0 e persino sui gadget, come hanno suggerito (non trovandone all&#8217;uscita) visitatrici e visitatori del Giardino pi\u00f9 bello d&#8217;Europa e pi\u00f9 romantico del mondo in un questionario che da due anni raccoglie informazioni sul sentiment di chi ha scelto di vedere il Monumento Naturale Regionale. Ben 110mila visitatori solo nel 2018 a stare ai dati delle prenotazioni on line, con un&#8217;et\u00e0 media di 42 anni, pi\u00f9 donne che uomini (sono esclusi dallo studio gli alunni delle scuole e i bambini accompagnati dalle famiglie).<\/p>\n<p style=\"text-align: justify;\">La ricerca con cui la Fondazione ha accettato di buon grado la sfida della critica e del giudizio di chi visita Ninfa e dal prossimo anno anche il Castello Caetani, \u00e8 stata presentata con le altre novit\u00e0 nella Sala Consiliare della Provincia e servir\u00e0\u00a0 &#8211; \u00e8 stato spiegato &#8211; a traghettare il Giardino verso il\u00a0 futuro.<\/p>\n<p>Ne abbiamo parlato su Radio Luna con il Presidente della Fondazione Caetani, Tommaso Agnoni che ha illustrato le novit\u00e0<\/p>\n<audio class=\"wp-audio-shortcode\" id=\"audio-240099-1\" preload=\"none\" style=\"width: 100%;\" controls=\"controls\"><source type=\"audio\/mpeg\" src=\"https:\/\/www.radioluna.it\/news\/wp-content\/uploads\/2019\/02\/agnoni.mp3?_=1\" \/><a href=\"https:\/\/www.radioluna.it\/news\/wp-content\/uploads\/2019\/02\/agnoni.mp3\">https:\/\/www.radioluna.it\/news\/wp-content\/uploads\/2019\/02\/agnoni.mp3<\/a><\/audio>\n<p style=\"text-align: justify;\">&#8220;Dal 1966 ad oggi questo Giardino ha la stessa qualit\u00e0 grazie ad una fruizione controllata\u00a0 &#8211; ha spiegato il direttore Lauro Marchetti &#8211; Quello che noi vogliamo valorizzare e preservare sono le emozioni che Ninfa evoca, la pace, la bellezza. Il denominatore comune di tutte queste iniziative \u00e8 la qualit\u00e0 e la responsabilit\u00e0 della Fondazione \u00e8 mantenere questo equilibrio perch\u00e9 di queste bellezze possano godere anche le generazioni a venire&#8221;.<\/p>\n<p>ASCOLTA<\/p>\n<audio class=\"wp-audio-shortcode\" id=\"audio-240099-2\" preload=\"none\" style=\"width: 100%;\" controls=\"controls\"><source type=\"audio\/mpeg\" src=\"https:\/\/www.radioluna.it\/news\/wp-content\/uploads\/2019\/02\/marchetti.mp3?_=2\" \/><a href=\"https:\/\/www.radioluna.it\/news\/wp-content\/uploads\/2019\/02\/marchetti.mp3\">https:\/\/www.radioluna.it\/news\/wp-content\/uploads\/2019\/02\/marchetti.mp3<\/a><\/audio>\n<p style=\"text-align: justify;\"><strong>LE NOVITA&#8217;<\/strong> &#8211; \u201cNinfa nelle stagioni\u201d \u00e8 il nuovo biglietto di ingresso (quattro date divise tra le quattro stagioni dell&#8217;anno per vedere il Giardino in tutte le sue forme e i suoi colori), mentre\u00a0 i \u201cSabati del Parco Letterario\u201d dedicato a Marguerite Chapin e ai Luoghi dei Caetani si amplia con un appuntamento al mese.<\/p>\n<p>Una novit\u00e0 fra tutte: Giardino di Ninfa e Castello Caetani di Sermoneta sono da oggi marchi registrati.<\/p>\n<p>Il sito internet per le prenotazioni \u00e8 www.giardinodininfa.eu (aprir\u00e0 nei prossimi giorni). Quello della Fondazione Caetani \u00e8 invece www.frcaetani.it.<\/p>\n<div class=\"radio-posizionamento-telefono-in-articoli-dopo-il-contenuto-articolo radio-entity-placement\" id=\"radio-2492254942\"><div id=\"radio-3398120231\"><a href=\"https:\/\/www.simeoneceramiche.com\/\" aria-label=\"SIMEONE CERAMICHE GIF animata per radioluna_Tavola disegno 1 copia 2 (online-video-cutter.com)\"><img loading=\"lazy\" decoding=\"async\" src=\"https:\/\/www.radioluna.it\/news\/wp-content\/uploads\/2025\/05\/SIMEONE-CERAMICHE-GIF-animata-per-radioluna_Tavola-disegno-1-copia-2-online-video-cutter.com_.gif\" alt=\"\"  width=\"300\" height=\"250\"   \/><\/a><\/div><\/div>","protected":false},"excerpt":{"rendered":"<p>LATINA &#8211; Ninfa non smette mai di stupire. E mentre i primi fiori di magnolia gi\u00e0 spuntano sugli alberi\u00a0 nonostante i timori del direttore del Giardino Lauro Marchetti: &#8220;Io li prego di stare calmi, perch\u00e9 potrebbe arrivare una gelata, ma non mi ascoltano&#8221;, la Fondazione Roffredo Caetani annuncia un programma di nuove esperienze per i [&hellip;]<\/p>\n","protected":false},"author":62,"featured_media":219947,"comment_status":"open","ping_status":"open","sticky":false,"template":"","format":"standard","meta":{"footnotes":""},"categories":[12,2310],"tags":[],"class_list":["post-240099","post","type-post","status-publish","format-standard","has-post-thumbnail","hentry","category-ambiente","category-audio"],"_links":{"self":[{"href":"https:\/\/www.radioluna.it\/news\/wp-json\/wp\/v2\/posts\/240099","targetHints":{"allow":["GET"]}}],"collection":[{"href":"https:\/\/www.radioluna.it\/news\/wp-json\/wp\/v2\/posts"}],"about":[{"href":"https:\/\/www.radioluna.it\/news\/wp-json\/wp\/v2\/types\/post"}],"author":[{"embeddable":true,"href":"https:\/\/www.radioluna.it\/news\/wp-json\/wp\/v2\/users\/62"}],"replies":[{"embeddable":true,"href":"https:\/\/www.radioluna.it\/news\/wp-json\/wp\/v2\/comments?post=240099"}],"version-history":[{"count":0,"href":"https:\/\/www.radioluna.it\/news\/wp-json\/wp\/v2\/posts\/240099\/revisions"}],"wp:featuredmedia":[{"embeddable":true,"href":"https:\/\/www.radioluna.it\/news\/wp-json\/wp\/v2\/media\/219947"}],"wp:attachment":[{"href":"https:\/\/www.radioluna.it\/news\/wp-json\/wp\/v2\/media?parent=240099"}],"wp:term":[{"taxonomy":"category","embeddable":true,"href":"https:\/\/www.radioluna.it\/news\/wp-json\/wp\/v2\/categories?post=240099"},{"taxonomy":"post_tag","embeddable":true,"href":"https:\/\/www.radioluna.it\/news\/wp-json\/wp\/v2\/tags?post=240099"}],"curies":[{"name":"wp","href":"https:\/\/api.w.org\/{rel}","templated":true}]}}