{"id":240129,"date":"2019-02-15T09:03:45","date_gmt":"2019-02-15T08:03:45","guid":{"rendered":"https:\/\/www.radioluna.it\/news\/?p=240129"},"modified":"2019-02-16T09:07:17","modified_gmt":"2019-02-16T08:07:17","slug":"lattrice-di-latina-sara-zanier-torna-in-tv-con-beppe-fiorello","status":"publish","type":"post","link":"https:\/\/www.radioluna.it\/news\/2019\/02\/lattrice-di-latina-sara-zanier-torna-in-tv-con-beppe-fiorello\/","title":{"rendered":"L&#8217;attrice di Latina Sara Zanier torna in tv con Beppe Fiorello"},"content":{"rendered":"<div id=\"fb-root\"><\/div>\n<p style=\"text-align: justify;\"><strong>LATINA<\/strong> &#8211;\u00a0 L&#8217;attrice di Latina Sara Zanier\u00a0 torna sul\u00a0 piccolo schermo con un film che segna anche l&#8217;atteso ritorno in tv di Beppe Fiorello.\u00a0 E&#8217; \u201cIl mondo sulle spalle\u201d che debutter\u00e0 fra pochi giorni, marted\u00ec 19 febbraio su Rai 1 in prima serata. Sara\u00a0 interpreta la moglie di Enzo Muscia, Cavaliere al Merito della Repubblica Italiana ma soprattutto eroe contemporaneo, un operaio che indebitandosi e ipotecando la sua casa, riesce a comprare la fabbrica nella quale lavora con altri 350 operai e che sta chiudendo. Si trasforma cos\u00ec, con l&#8217;aiuto dei colleghi, in imprenditore. Sara Zanier nel film \u00e8 sua moglie e affronter\u00e0 anche il dolore di un figlio nato prematuro.<\/p>\n<div class=\"radio-posizionamento-telefono-in-articoli-dopo-il-contenuto-articolo radio-entity-placement\" id=\"radio-3995549416\"><div id=\"radio-416628923\"><a href=\"https:\/\/grupporedi.it\/\" aria-label=\"Redi-Qr\"><img loading=\"lazy\" decoding=\"async\" src=\"https:\/\/www.radioluna.it\/news\/wp-content\/uploads\/2026\/03\/Redi-Qr.jpg\" alt=\"\"  srcset=\"https:\/\/www.radioluna.it\/news\/wp-content\/uploads\/2026\/03\/Redi-Qr.jpg 800w, https:\/\/www.radioluna.it\/news\/wp-content\/uploads\/2026\/03\/Redi-Qr-768x639.jpg 768w\" sizes=\"(max-width: 800px) 100vw, 800px\" width=\"300\" height=\"250\"   \/><\/a><\/div><\/div>","protected":false},"excerpt":{"rendered":"<p>LATINA &#8211;\u00a0 L&#8217;attrice di Latina Sara Zanier\u00a0 torna sul\u00a0 piccolo schermo con un film che segna anche l&#8217;atteso ritorno in tv di Beppe Fiorello.\u00a0 E&#8217; \u201cIl mondo sulle spalle\u201d che debutter\u00e0 fra pochi giorni, marted\u00ec 19 febbraio su Rai 1 in prima serata. Sara\u00a0 interpreta la moglie di Enzo Muscia, Cavaliere al Merito della Repubblica [&hellip;]<\/p>\n","protected":false},"author":62,"featured_media":240130,"comment_status":"open","ping_status":"open","sticky":false,"template":"","format":"standard","meta":{"footnotes":""},"categories":[735],"tags":[],"class_list":["post-240129","post","type-post","status-publish","format-standard","has-post-thumbnail","hentry","category-attualita"],"_links":{"self":[{"href":"https:\/\/www.radioluna.it\/news\/wp-json\/wp\/v2\/posts\/240129","targetHints":{"allow":["GET"]}}],"collection":[{"href":"https:\/\/www.radioluna.it\/news\/wp-json\/wp\/v2\/posts"}],"about":[{"href":"https:\/\/www.radioluna.it\/news\/wp-json\/wp\/v2\/types\/post"}],"author":[{"embeddable":true,"href":"https:\/\/www.radioluna.it\/news\/wp-json\/wp\/v2\/users\/62"}],"replies":[{"embeddable":true,"href":"https:\/\/www.radioluna.it\/news\/wp-json\/wp\/v2\/comments?post=240129"}],"version-history":[{"count":0,"href":"https:\/\/www.radioluna.it\/news\/wp-json\/wp\/v2\/posts\/240129\/revisions"}],"wp:featuredmedia":[{"embeddable":true,"href":"https:\/\/www.radioluna.it\/news\/wp-json\/wp\/v2\/media\/240130"}],"wp:attachment":[{"href":"https:\/\/www.radioluna.it\/news\/wp-json\/wp\/v2\/media?parent=240129"}],"wp:term":[{"taxonomy":"category","embeddable":true,"href":"https:\/\/www.radioluna.it\/news\/wp-json\/wp\/v2\/categories?post=240129"},{"taxonomy":"post_tag","embeddable":true,"href":"https:\/\/www.radioluna.it\/news\/wp-json\/wp\/v2\/tags?post=240129"}],"curies":[{"name":"wp","href":"https:\/\/api.w.org\/{rel}","templated":true}]}}