{"id":240171,"date":"2019-02-15T13:56:28","date_gmt":"2019-02-15T12:56:28","guid":{"rendered":"https:\/\/www.radioluna.it\/news\/?p=240171"},"modified":"2021-08-20T10:04:04","modified_gmt":"2021-08-20T08:04:04","slug":"provini-a-latina-per-il-nuovo-film-dei-gemelli-dinnocenzo","status":"publish","type":"post","link":"https:\/\/www.radioluna.it\/news\/2019\/02\/provini-a-latina-per-il-nuovo-film-dei-gemelli-dinnocenzo\/","title":{"rendered":"Provini a Latina per il nuovo film dei gemelli D&#8217;Innocenzo"},"content":{"rendered":"<div id=\"fb-root\"><\/div>\n<p style=\"text-align: justify;\"><strong>LATINA<\/strong> &#8211; Provini a Latina il 19 e 21 febbraio dalle ore 14:30 alle ore 18:30 presso la sede della Latina Film Commission\u00a0 all&#8217; EXPO Latina in Via S.S. Monti Lepini 156 per il film cinematografico \u201cFavolacce\u201d della Papito Produzioni.<\/p>\n<p style=\"text-align: justify;\">Il film e\u2019 diretto dai fratelli Fabio e Damiano D\u2019Innocenzo, grande rivelazione al festival di Berlino dello scorso anno, vincitori del Nastro d\u2019Argento e collaboratori alla realizzazione di Dogman di Matteo Garrone. E questo e\u2019 il secondo film dei gemelli registi, dopo il grande successo de \u201c La terra dell\u2019abbastanza\u201d.<\/p>\n<p style=\"text-align: justify;\">Per il nuovo film si ricercano i ruoli dei protagonisti:<\/p>\n<p style=\"text-align: justify;\">bambini e bambine laziali tra i 10 e i 13 anni.\u00a0 Il provino consister\u00e0 in una breve video intervista ai candidati. Non \u00e8 richiesta nessuna esperienza nel mondo cinematografico, n\u00e9 di recitazione pregressa. E\u2019 necessario presentarsi con una copia del documento di un genitore.<\/p>\n<p style=\"text-align: justify;\">Il periodo di riprese sar\u00e0 Giugno &#8211; Agosto 2019<\/p>\n<p style=\"text-align: justify;\">I provini saranno organizzati dalla Latina Film Commission\u00a0 e curati dai casting directors Gabriella Giannattasio, Davide Zurolo\u00a0 e dall\u2019assistente casting\u00a0 Eleonora Barbiero.<\/p>\n<div class=\"radio-posizionamento-telefono-in-articoli-dopo-il-contenuto-articolo radio-entity-placement\" id=\"radio-206130407\"><div id=\"radio-1536460156\" style=\"width: 300px;height: 250px;\"><a href=\"https:\/\/www.icarspa.it\/auto\/usate\/latina\/\" aria-label=\"banner aprile icar new life &#8211; auto usate latina\"><img loading=\"lazy\" decoding=\"async\" src=\"https:\/\/www.radioluna.it\/news\/wp-content\/uploads\/2026\/02\/banner-aprile-icar-new-life-auto-usate-latina.gif\" alt=\"\"  width=\"300\" height=\"250\"   \/><\/a><\/div><\/div>","protected":false},"excerpt":{"rendered":"<p>LATINA &#8211; Provini a Latina il 19 e 21 febbraio dalle ore 14:30 alle ore 18:30 presso la sede della Latina Film Commission\u00a0 all&#8217; EXPO Latina in Via S.S. Monti Lepini 156 per il film cinematografico \u201cFavolacce\u201d della Papito Produzioni. Il film e\u2019 diretto dai fratelli Fabio e Damiano D\u2019Innocenzo, grande rivelazione al festival di [&hellip;]<\/p>\n","protected":false},"author":60,"featured_media":48574,"comment_status":"open","ping_status":"open","sticky":false,"template":"","format":"standard","meta":{"footnotes":""},"categories":[16],"tags":[],"class_list":["post-240171","post","type-post","status-publish","format-standard","has-post-thumbnail","hentry","category-appuntamenti"],"_links":{"self":[{"href":"https:\/\/www.radioluna.it\/news\/wp-json\/wp\/v2\/posts\/240171","targetHints":{"allow":["GET"]}}],"collection":[{"href":"https:\/\/www.radioluna.it\/news\/wp-json\/wp\/v2\/posts"}],"about":[{"href":"https:\/\/www.radioluna.it\/news\/wp-json\/wp\/v2\/types\/post"}],"author":[{"embeddable":true,"href":"https:\/\/www.radioluna.it\/news\/wp-json\/wp\/v2\/users\/60"}],"replies":[{"embeddable":true,"href":"https:\/\/www.radioluna.it\/news\/wp-json\/wp\/v2\/comments?post=240171"}],"version-history":[{"count":0,"href":"https:\/\/www.radioluna.it\/news\/wp-json\/wp\/v2\/posts\/240171\/revisions"}],"wp:featuredmedia":[{"embeddable":true,"href":"https:\/\/www.radioluna.it\/news\/wp-json\/wp\/v2\/media\/48574"}],"wp:attachment":[{"href":"https:\/\/www.radioluna.it\/news\/wp-json\/wp\/v2\/media?parent=240171"}],"wp:term":[{"taxonomy":"category","embeddable":true,"href":"https:\/\/www.radioluna.it\/news\/wp-json\/wp\/v2\/categories?post=240171"},{"taxonomy":"post_tag","embeddable":true,"href":"https:\/\/www.radioluna.it\/news\/wp-json\/wp\/v2\/tags?post=240171"}],"curies":[{"name":"wp","href":"https:\/\/api.w.org\/{rel}","templated":true}]}}