{"id":240224,"date":"2019-02-16T11:47:22","date_gmt":"2019-02-16T10:47:22","guid":{"rendered":"https:\/\/www.radioluna.it\/news\/?p=240224"},"modified":"2019-02-16T11:55:39","modified_gmt":"2019-02-16T10:55:39","slug":"commercialisti-latina-dice-stop-agli-abusivi","status":"publish","type":"post","link":"https:\/\/www.radioluna.it\/news\/2019\/02\/commercialisti-latina-dice-stop-agli-abusivi\/","title":{"rendered":"Commercialisti, Latina dice stop agli abusivi"},"content":{"rendered":"<div id=\"fb-root\"><\/div>\n<p><strong>LATINA<\/strong> &#8211;\u00a0L\u2019Ordine dei dottori commercialisti ed esperti contabili di Latina scende in campo contro l\u2019esercizio abusivo della professione con\u00a0\u00a0una campagna di sensibilizzazione che invita i cittadini a verificare se il commercialista che hanno di fronte \u00e8 iscritto o meno all&#8217;Odec.<br \/>\nBasta consultare il sito www.odceclatina.it, cliccare sul banner dedicato alla lotta all\u2019abusivismo, quindi sul tasto \u201cverifica iscritto odcec di Latina\u201d e\/o \u201cverifica iscritto altri ordini\u201d.<\/p>\n<p><img loading=\"lazy\" decoding=\"async\" class=\"alignnone size-full wp-image-240225 aligncenter\" src=\"https:\/\/www.radioluna.it\/news\/wp-content\/uploads\/2019\/02\/CampagnaAntiabusivismoOrdine.jpg\" alt=\"\" width=\"254\" height=\"184\" \/><\/p>\n<p style=\"text-align: justify;\">Sar\u00e0 anche possibile verificare\u00a0 &#8211; spiegano dall&#8217;Ordine di Latina &#8211; &#8220;le specificit\u00e0 dei commercialisti e degli esperti contabili iscritti all\u2019albo, visto che per legge sono obbligati all\u2019aggiornamento professionale continuo, all\u2019assicurazione per responsabilit\u00e0 civile verso il cliente, al preventivo di spesa e al controllo deontologico del Consiglio Territoriale di Disciplina. Tutti aspetti volti a garantire il cliente circa qualit\u00e0 e correttezza della prestazione&#8221;.<br \/>\n\u201cL\u2019iniziativa si inquadra nell\u2019esigenza di tutelare il mercato sia per quanto riguarda la nostra categoria e i nostri titoli professionali, sia per quanto concerne l\u2019utenza\/clientela che deve essere garantita sull\u2019iscrizione all\u2019albo del proprio commercialista ed esperto contabile &#8211; spiega il presidente dell\u2019odcec di Latina Efrem Romagnoli\u00a0 &#8211; infatti l\u2019iscrizione \u00e8 sinonimo di superamento del percorso di studi e dell\u2019esame di stato previsti dalla legge, nonch\u00e9 di qualit\u00e0 e sicurezza della prestazione professionale, esigenze ancor pi\u00f9 attuali oggi in un contesto economico particolarmente aggressivo, in cui<br \/>\nsolo noi siamo i Commercialisti e gli Esperti Contabili\u201d.<\/p>\n","protected":false},"excerpt":{"rendered":"<p>LATINA &#8211;\u00a0L\u2019Ordine dei dottori commercialisti ed esperti contabili di Latina scende in campo contro l\u2019esercizio abusivo della professione con\u00a0\u00a0una campagna di sensibilizzazione che invita i cittadini a verificare se il commercialista che hanno di fronte \u00e8 iscritto o meno all&#8217;Odec. Basta consultare il sito www.odceclatina.it, cliccare sul banner dedicato alla lotta all\u2019abusivismo, quindi sul tasto [&hellip;]<\/p>\n","protected":false},"author":60,"featured_media":232528,"comment_status":"open","ping_status":"open","sticky":false,"template":"","format":"standard","meta":{"footnotes":""},"categories":[735],"tags":[],"class_list":["post-240224","post","type-post","status-publish","format-standard","has-post-thumbnail","hentry","category-attualita"],"_links":{"self":[{"href":"https:\/\/www.radioluna.it\/news\/wp-json\/wp\/v2\/posts\/240224","targetHints":{"allow":["GET"]}}],"collection":[{"href":"https:\/\/www.radioluna.it\/news\/wp-json\/wp\/v2\/posts"}],"about":[{"href":"https:\/\/www.radioluna.it\/news\/wp-json\/wp\/v2\/types\/post"}],"author":[{"embeddable":true,"href":"https:\/\/www.radioluna.it\/news\/wp-json\/wp\/v2\/users\/60"}],"replies":[{"embeddable":true,"href":"https:\/\/www.radioluna.it\/news\/wp-json\/wp\/v2\/comments?post=240224"}],"version-history":[{"count":0,"href":"https:\/\/www.radioluna.it\/news\/wp-json\/wp\/v2\/posts\/240224\/revisions"}],"wp:featuredmedia":[{"embeddable":true,"href":"https:\/\/www.radioluna.it\/news\/wp-json\/wp\/v2\/media\/232528"}],"wp:attachment":[{"href":"https:\/\/www.radioluna.it\/news\/wp-json\/wp\/v2\/media?parent=240224"}],"wp:term":[{"taxonomy":"category","embeddable":true,"href":"https:\/\/www.radioluna.it\/news\/wp-json\/wp\/v2\/categories?post=240224"},{"taxonomy":"post_tag","embeddable":true,"href":"https:\/\/www.radioluna.it\/news\/wp-json\/wp\/v2\/tags?post=240224"}],"curies":[{"name":"wp","href":"https:\/\/api.w.org\/{rel}","templated":true}]}}