{"id":240274,"date":"2019-02-18T10:44:26","date_gmt":"2019-02-18T09:44:26","guid":{"rendered":"https:\/\/www.radioluna.it\/news\/?p=240274"},"modified":"2019-02-20T14:04:49","modified_gmt":"2019-02-20T13:04:49","slug":"cori-e-betlemme-gemellate-la-firma-in-palestina","status":"publish","type":"post","link":"https:\/\/www.radioluna.it\/news\/2019\/02\/cori-e-betlemme-gemellate-la-firma-in-palestina\/","title":{"rendered":"Cori e Betlemme gemellate: la firma in Palestina"},"content":{"rendered":"<div id=\"fb-root\"><\/div>\n<p style=\"text-align: justify;\"><strong>CORI<\/strong> &#8211;\u00a0I Sindaci Anton Salman e Mauro De Lillis hanno apposto la firma alla Dichiarazione di Intenti alla sottoscrizione del Patto di Gemellaggio tra le citt\u00e0 di Betlemme e Cori. La cerimonia si \u00e8 svolta in Palestina venerd\u00ec 15 Febbraio al Peace Center di Betlemme, alla presenza delle principali autorit\u00e0 locali.\u00a0\u00a0Come ha ricordato il Sindaco Mauro De Lillis, l&#8217;idea del gemellaggio con Betlemme si fonda sul legame storico-religioso che unisce la comunit\u00e0 di Giulianello alla Terra Santa, e in particolare alla Casa della Nativit\u00e0, e trova la sua massima espressione nel Bambinello, la statuetta del Bambin Ges\u00f9, scolpita nel XVI secolo da un devoto francescano sul legno d\u2019ulivo del Getsemani. Benedetta nel 1998 da Papa Giovanni Paolo II, essa \u00e8 custodita nella sacra cappella della Chiesa di San Giovanni Battista, dove \u00e8 venerata con speciale devozione e dal 1798 fulcro del tradizionale Bacio del 6 Gennaio. I primi contatti in questa direzione sono stati una iniziativa di Raffaele Sciarretta.\u00a0Il Gemellaggio con Betlemme verr\u00e0 presto suggellato proprio a Giulianello con la firma dell&#8217;accordo.<\/p>\n<p style=\"text-align: justify;\">Della delegazione corese facevano parte gli assessori Ennio Afilani e Chiara Cochi; le consigliere comunali Sabrina Pistilli e Annamaria Tebaldi; il parroco della Parrocchia San Giovanni Battista, don Khuder Saadi; la Dirigente vicaria dell&#8217;Istituto Comprensivo Statale \u201cCesare Chiominto\u201d, Fiorella Marchetti; il Presidente dell&#8217;Associazione culturale \u201cIl Giulianese\u201d, Raffaele Sciarretta. Hanno fatto da cornice alla visita istituzionale le esibizioni degli Storici Sbandieratori delle Contrade di Cori e del cantante Roberto Bernardi.<\/p>\n","protected":false},"excerpt":{"rendered":"<p>CORI &#8211;\u00a0I Sindaci Anton Salman e Mauro De Lillis hanno apposto la firma alla Dichiarazione di Intenti alla sottoscrizione del Patto di Gemellaggio tra le citt\u00e0 di Betlemme e Cori. La cerimonia si \u00e8 svolta in Palestina venerd\u00ec 15 Febbraio al Peace Center di Betlemme, alla presenza delle principali autorit\u00e0 locali.\u00a0\u00a0Come ha ricordato il Sindaco [&hellip;]<\/p>\n","protected":false},"author":62,"featured_media":240279,"comment_status":"open","ping_status":"open","sticky":false,"template":"","format":"standard","meta":{"footnotes":""},"categories":[735],"tags":[],"class_list":["post-240274","post","type-post","status-publish","format-standard","has-post-thumbnail","hentry","category-attualita"],"_links":{"self":[{"href":"https:\/\/www.radioluna.it\/news\/wp-json\/wp\/v2\/posts\/240274","targetHints":{"allow":["GET"]}}],"collection":[{"href":"https:\/\/www.radioluna.it\/news\/wp-json\/wp\/v2\/posts"}],"about":[{"href":"https:\/\/www.radioluna.it\/news\/wp-json\/wp\/v2\/types\/post"}],"author":[{"embeddable":true,"href":"https:\/\/www.radioluna.it\/news\/wp-json\/wp\/v2\/users\/62"}],"replies":[{"embeddable":true,"href":"https:\/\/www.radioluna.it\/news\/wp-json\/wp\/v2\/comments?post=240274"}],"version-history":[{"count":0,"href":"https:\/\/www.radioluna.it\/news\/wp-json\/wp\/v2\/posts\/240274\/revisions"}],"wp:featuredmedia":[{"embeddable":true,"href":"https:\/\/www.radioluna.it\/news\/wp-json\/wp\/v2\/media\/240279"}],"wp:attachment":[{"href":"https:\/\/www.radioluna.it\/news\/wp-json\/wp\/v2\/media?parent=240274"}],"wp:term":[{"taxonomy":"category","embeddable":true,"href":"https:\/\/www.radioluna.it\/news\/wp-json\/wp\/v2\/categories?post=240274"},{"taxonomy":"post_tag","embeddable":true,"href":"https:\/\/www.radioluna.it\/news\/wp-json\/wp\/v2\/tags?post=240274"}],"curies":[{"name":"wp","href":"https:\/\/api.w.org\/{rel}","templated":true}]}}