{"id":240302,"date":"2019-02-18T13:12:58","date_gmt":"2019-02-18T12:12:58","guid":{"rendered":"https:\/\/www.radioluna.it\/news\/?p=240302"},"modified":"2019-03-06T19:37:36","modified_gmt":"2019-03-06T18:37:36","slug":"san-tommaso-daquino-a-maenza-un-cammino-per-ricordarlo","status":"publish","type":"post","link":"https:\/\/www.radioluna.it\/news\/2019\/02\/san-tommaso-daquino-a-maenza-un-cammino-per-ricordarlo\/","title":{"rendered":"San Tommaso D&#8217;Aquino a Maenza, un cammino per ricordarlo"},"content":{"rendered":"<div id=\"fb-root\"><\/div>\n<p style=\"text-align: justify;\"><strong>MAENZA<\/strong> &#8211;\u00a0\u00a0\u00a0Ricordare la presenza di San Tommaso D\u2019Aquino a Maenza, avvenuta nella Pasqua del 1273, con un\u2019iniziativa denominata il &#8220;Cammino della Pasqua di San Tommaso\u201d: Maenza &#8211; Fossanova. Un cammino che si svolger\u00e0 tutti gli anni nella prima domenica di Aprile.<\/p>\n<p style=\"text-align: justify;\">E&#8217; l&#8217;idea dell&#8217;amministrazione comunale che ha accolto la proposta dell&#8217;assessore Roberto Ciccateri basata sulla\u00a0ricerca storica di Felice Cipriani, scrittore della Memoria che negli archivi storici ha ritrovato che San Tommaso d\u2019Aquino arriv\u00f2 a Maenza per trascorrere la Pasqua con la nipote Francesca cui era molto affezionato.\u00a0 \u00a0Spiega Cipriani che San Tommaso &#8220;voleva riposarsi dal lavoro delle lezioni e dello scrivere, sia di quello delle prediche nel Duomo di Napoli&#8221;.<\/p>\n<p style=\"text-align: justify;\">&#8220;Tommaso part\u00ec molto probabilmente il mercoled\u00ec 4 aprile e arriv\u00f2 a Maenza venerd\u00ec 7\u00a0 \u00a0&#8211; scrive Cipriani nel volume in cui ha documentato la presenza del santo filosofo in provincia di Latina &#8211;\u00a0 e vi trascorse alcuni giorni durante la Pasqua e i giorni successivi. Port\u00f2 alla nipote il lasciapassare rilasciato dal re di Napoli per entrare nel Regno Angioino e recarsi ai bagni di Pozzuoli per cure. Il lasciapassare aveva la durata di due mesi dal 2 aprile al 2 giugno 1273. Questa visita di Tommaso durante la Pasqua fa desumere che l\u2019Aquinate scegliesse il castello di Maenza come luogo di riposo e di profonda riflessione spirituale immerso negli affetti famigliari\u201d.<\/p>\n<p style=\"text-align: justify;\">L&#8217;iniziativa del Cammino si svolge in collaborazione e d\u2019intesa con il Comune di Priverno e con alcune associazioni. (Se la data coincider\u00e0 con la Pasqua, il\u00a0\u201cCammino&#8221; si svolger\u00e0 la seconda di domenica di aprile).<\/p>\n","protected":false},"excerpt":{"rendered":"<p>MAENZA &#8211;\u00a0\u00a0\u00a0Ricordare la presenza di San Tommaso D\u2019Aquino a Maenza, avvenuta nella Pasqua del 1273, con un\u2019iniziativa denominata il &#8220;Cammino della Pasqua di San Tommaso\u201d: Maenza &#8211; Fossanova. Un cammino che si svolger\u00e0 tutti gli anni nella prima domenica di Aprile. E&#8217; l&#8217;idea dell&#8217;amministrazione comunale che ha accolto la proposta dell&#8217;assessore Roberto Ciccateri basata sulla\u00a0ricerca [&hellip;]<\/p>\n","protected":false},"author":62,"featured_media":835,"comment_status":"open","ping_status":"open","sticky":false,"template":"","format":"standard","meta":{"footnotes":""},"categories":[735],"tags":[],"class_list":["post-240302","post","type-post","status-publish","format-standard","has-post-thumbnail","hentry","category-attualita"],"_links":{"self":[{"href":"https:\/\/www.radioluna.it\/news\/wp-json\/wp\/v2\/posts\/240302","targetHints":{"allow":["GET"]}}],"collection":[{"href":"https:\/\/www.radioluna.it\/news\/wp-json\/wp\/v2\/posts"}],"about":[{"href":"https:\/\/www.radioluna.it\/news\/wp-json\/wp\/v2\/types\/post"}],"author":[{"embeddable":true,"href":"https:\/\/www.radioluna.it\/news\/wp-json\/wp\/v2\/users\/62"}],"replies":[{"embeddable":true,"href":"https:\/\/www.radioluna.it\/news\/wp-json\/wp\/v2\/comments?post=240302"}],"version-history":[{"count":0,"href":"https:\/\/www.radioluna.it\/news\/wp-json\/wp\/v2\/posts\/240302\/revisions"}],"wp:featuredmedia":[{"embeddable":true,"href":"https:\/\/www.radioluna.it\/news\/wp-json\/wp\/v2\/media\/835"}],"wp:attachment":[{"href":"https:\/\/www.radioluna.it\/news\/wp-json\/wp\/v2\/media?parent=240302"}],"wp:term":[{"taxonomy":"category","embeddable":true,"href":"https:\/\/www.radioluna.it\/news\/wp-json\/wp\/v2\/categories?post=240302"},{"taxonomy":"post_tag","embeddable":true,"href":"https:\/\/www.radioluna.it\/news\/wp-json\/wp\/v2\/tags?post=240302"}],"curies":[{"name":"wp","href":"https:\/\/api.w.org\/{rel}","templated":true}]}}