{"id":240428,"date":"2019-02-20T08:34:35","date_gmt":"2019-02-20T07:34:35","guid":{"rendered":"https:\/\/www.radioluna.it\/news\/?p=240428"},"modified":"2019-02-21T06:55:36","modified_gmt":"2019-02-21T05:55:36","slug":"tutti-a-pulire-la-spiaggia-una-ragazza-di-latina-lancia-le-sue-domeniche-eco","status":"publish","type":"post","link":"https:\/\/www.radioluna.it\/news\/2019\/02\/tutti-a-pulire-la-spiaggia-una-ragazza-di-latina-lancia-le-sue-domeniche-eco\/","title":{"rendered":"Tutti a pulire la spiaggia, una ragazza di Latina lancia le sue domeniche eco"},"content":{"rendered":"<div id=\"fb-root\"><\/div>\n<p style=\"text-align: justify;\"><strong>LATINA<\/strong> &#8211; La spiaggia fuori stagione \u00e8 esaltante e deprimente allo stesso tempo. Esaltante, perch\u00e9 ci rimette a contatto con il mare e con il suo profumo; deprimente per la quantit\u00e0 di rifiuti che si riversa sull&#8217;arenile trascinata a riva dalle onde. Bottiglie di plastica in quantit\u00e0 industriali, buste, lattine, formano una scia senza fine che racconta anche\u00a0 di uno smaltimento selvaggio dei rifiuti che differenziamo. Ma non ci si pu\u00f2 arrendere. Per questo Francesca Coppola, una ragazza di Latina ha deciso di rimboccarsi le maniche e di organizzare una pulizia straordinaria della spiaggia di Latina e poi ha deciso di non fermarsi e di proseguire domenica dopo domenica.<\/p>\n<p style=\"text-align: justify;\">Hanno aderito in tanti, molte famiglie con bambini e ragazzi, sono stati raccolti 25 sacchi in una sola volta, e cos\u00ec ha deciso di replicare: &#8220;Saremo al Lido tutte le domeniche, da qui a primavera, per prenderci cura del nostro mare. La cosa che pi\u00f9 d\u00e0 fastidio \u00e8 assistere senza muovere un dito. E poi,\u00a0 con questa iniziativa, mi sono resa conto che tanti la pensano come me e sono disposti a dare una mano. I bambini in particolare si divertono e imparano a non sporcare&#8221;.<\/p>\n<p style=\"text-align: justify;\">L&#8217;attrezzatura per la pulizia \u00e8 fornita da Francesca Coppola che al termine della raccolta organizza anche un piccolo pic nic per i partecipanti. Il prossimo appuntamento \u00e8 per domenica 24 febbraio alle 10 a <strong>Foce Verde<\/strong> (e non Capoportiere come deciso in un primo momento). Per informazioni c&#8217;\u00e8 la pagina Facebook Nyramara Travel.<\/p>\n<audio class=\"wp-audio-shortcode\" id=\"audio-240428-1\" preload=\"none\" style=\"width: 100%;\" controls=\"controls\"><source type=\"audio\/mpeg\" src=\"https:\/\/www.radioluna.it\/news\/wp-content\/uploads\/2019\/02\/nyramara-francesca-coppola.mp3?_=1\" \/><a href=\"https:\/\/www.radioluna.it\/news\/wp-content\/uploads\/2019\/02\/nyramara-francesca-coppola.mp3\">https:\/\/www.radioluna.it\/news\/wp-content\/uploads\/2019\/02\/nyramara-francesca-coppola.mp3<\/a><\/audio>\n<div class=\"radio-posizionamento-telefono-in-articoli-dopo-il-contenuto-articolo radio-entity-placement\" id=\"radio-143930686\"><div id=\"radio-3227808827\" style=\"width: 300px;height: 250px;\"><a href=\"https:\/\/www.icarspa.it\/auto\/usate\/latina\/\" aria-label=\"banner aprile icar new life &#8211; auto usate latina\"><img loading=\"lazy\" decoding=\"async\" src=\"https:\/\/www.radioluna.it\/news\/wp-content\/uploads\/2026\/02\/banner-aprile-icar-new-life-auto-usate-latina.gif\" alt=\"\"  width=\"300\" height=\"250\"   \/><\/a><\/div><\/div>","protected":false},"excerpt":{"rendered":"<p>LATINA &#8211; La spiaggia fuori stagione \u00e8 esaltante e deprimente allo stesso tempo. Esaltante, perch\u00e9 ci rimette a contatto con il mare e con il suo profumo; deprimente per la quantit\u00e0 di rifiuti che si riversa sull&#8217;arenile trascinata a riva dalle onde. Bottiglie di plastica in quantit\u00e0 industriali, buste, lattine, formano una scia senza fine [&hellip;]<\/p>\n","protected":false},"author":62,"featured_media":240429,"comment_status":"open","ping_status":"open","sticky":false,"template":"","format":"standard","meta":{"footnotes":""},"categories":[12],"tags":[],"class_list":["post-240428","post","type-post","status-publish","format-standard","has-post-thumbnail","hentry","category-ambiente"],"_links":{"self":[{"href":"https:\/\/www.radioluna.it\/news\/wp-json\/wp\/v2\/posts\/240428","targetHints":{"allow":["GET"]}}],"collection":[{"href":"https:\/\/www.radioluna.it\/news\/wp-json\/wp\/v2\/posts"}],"about":[{"href":"https:\/\/www.radioluna.it\/news\/wp-json\/wp\/v2\/types\/post"}],"author":[{"embeddable":true,"href":"https:\/\/www.radioluna.it\/news\/wp-json\/wp\/v2\/users\/62"}],"replies":[{"embeddable":true,"href":"https:\/\/www.radioluna.it\/news\/wp-json\/wp\/v2\/comments?post=240428"}],"version-history":[{"count":0,"href":"https:\/\/www.radioluna.it\/news\/wp-json\/wp\/v2\/posts\/240428\/revisions"}],"wp:featuredmedia":[{"embeddable":true,"href":"https:\/\/www.radioluna.it\/news\/wp-json\/wp\/v2\/media\/240429"}],"wp:attachment":[{"href":"https:\/\/www.radioluna.it\/news\/wp-json\/wp\/v2\/media?parent=240428"}],"wp:term":[{"taxonomy":"category","embeddable":true,"href":"https:\/\/www.radioluna.it\/news\/wp-json\/wp\/v2\/categories?post=240428"},{"taxonomy":"post_tag","embeddable":true,"href":"https:\/\/www.radioluna.it\/news\/wp-json\/wp\/v2\/tags?post=240428"}],"curies":[{"name":"wp","href":"https:\/\/api.w.org\/{rel}","templated":true}]}}