{"id":240583,"date":"2019-02-21T10:18:02","date_gmt":"2019-02-21T09:18:02","guid":{"rendered":"https:\/\/www.radioluna.it\/news\/?p=240583"},"modified":"2019-02-21T10:18:02","modified_gmt":"2019-02-21T09:18:02","slug":"successo-alla-bit-di-milano-per-il-made-in-italy-e-la-nostra-passione-dellassociazione-di-itri","status":"publish","type":"post","link":"https:\/\/www.radioluna.it\/news\/2019\/02\/successo-alla-bit-di-milano-per-il-made-in-italy-e-la-nostra-passione-dellassociazione-di-itri\/","title":{"rendered":"Successo alla Bit di Milano per &#8220;Il Made in\u00a0 Italy \u00e8 la nostra passione&#8221; dell&#8217;associazione di Itri"},"content":{"rendered":"<div id=\"fb-root\"><\/div>\n<p style=\"text-align: justify;\"><strong>ITRI &#8211;<\/strong> L\u2019associazione Condominio dell\u2019Arte, di Itri, alla Bit di Milano, con l\u2019evento \u201cIl Made in\u00a0 Italy \u00e8 la nostra passione\u201d. Si tratta di un\u00a0format televisivo e un evento itinerante, che realizza la divulgazione della qualit\u00e0 italiana nel mondo, attraverso il Turismo, Arte, Cultura, Storia e intrattenimento. Il Progetto \u201cModello italiano nel mondo\u201d, creato dall\u2019imprenditore Aldo de Fabritiis, e con l\u2019evento e format televisivo \u201cIl Made in Italy \u00e8 la nostra passione\u201d (di Ketty Carraffa), \u00e8 partito un anno fa, sempre durante la Bit di Milano, e si \u00e8 sviluppato nel 2018 sino ad ora, con l\u2019organizzazione di eventi, realizzati all\u2019insegna della promozione del territorio e del lavoro costante degli artigiani, alle prese con una profonda crisi economica ma sempre positivi nella \u201cripresa\u201d delle proprie attivit\u00e0.<\/p>\n<p style=\"text-align: justify;\">Aldo De Fabritiis, infatti, in seguito alla chiusura della sua azienda Latinwig, che dava lavoro a 30 famiglie e forniva a tutto il mondo e a brand rinomati,\u00a0 gadgets di altissima qualit\u00e0, per ogni tipo di kermesse, si \u00e8 rimboccato le maniche e non si \u00e8 arreso, e ha deciso di puntare alla promozione del territorio, mettendo a disposizione la propria sede, ormai dismessa dal punto di vista aziendale, divenuta ora un Teatro e uno spazio dove associazioni, enti locali, aziende e privati, possono utilizzare gli spazi esistenti, per portare avanti le loro attivit\u00e0, e, chiamandolo proprio \u201cCondominio dell\u2019Arte\u201d, per una giusta collocazione tra Arte, Cultura, socialit\u00e0 e Lavoro condiviso.<\/p>\n<p style=\"text-align: justify;\">Nel terreno adiacente al \u201cCondominio dell\u2019Arte\u201d, sono ora ospitati i pini crollati a Terracina, in via della Vittoria, durante l\u2019uragano del 2018, che diverranno opere d\u2019arte e che avranno, quindi, una seconda vita, con un progetto di trasformazione dell\u2019architetto Francesca Marchini, di Terracina ma residente a Boston e legata tantissimo alla sua terra.\u00a0Le associazioni culturali e i Comuni, in particolare dei paesi del Basso Lazio: Itri, Gaeta, Monte San Biagio, Terracina, Fondi e Formia, hanno raccontato le loro particolarit\u00e0 e realt\u00e0 turistiche, oltre che con il materiale promozionale tradizionale, anche attraverso l\u2019evento di spettacolo e itinerante: \u201cIl Made in Italy \u00e8 la nostra passione\u201d, organizzato e realizzato, a partire dal luglio 2018, in molti Comuni e realt\u00e0 associative italiane e internazionali, dal Condominio dell\u2019Arte, con rivisitazione della Storia, anche con il supporto di gruppi folkloristici, creazione di abiti d\u2019epoca e incontri culturali e di spettacolo.<\/p>\n<p style=\"text-align: justify;\">Durante la Bit, si \u00e8 tenuta anche la proiezione del videoclip, dal titolo \u201cIl Made in Italy \u00e8 la nostra passione\u201d, con gli eventi dedicati al Modello Italiano nel mondo, realizzati nel corso del 2018. Il Condominio dell\u2019Arte, che si avvale del patrocinio del Comune di Itri e della partnership dell\u2019associazione archeologica Ytri, presieduta da Rosa Coretti, si prefigge di essere presente sul territorio nazionale e di utilizzare il medesimo sistema che viene ampiamente adottato in tanti settori, quali moda e spettacolo, legando ad esempio i prodotti artigianali e turistici da proporre, ad un personaggio, al territorio o ai beni culturali dei nostri luoghi. L\u2019intento, \u00e8 quello di evidenziare i valori, le tradizioni e la grande qualit\u00e0 dei prodotti italiani, con iniziative e con progetti legati alla promozione dell\u2019arte, della cultura, del turismo, dei prodotti tipici locali, della manualit\u00e0 del \u201cMade in Italy\u201d e, soprattutto, dell\u2019artigianato, portando a conoscenza di tutti e valorizzare, tramite le nuove piattaforme social di comunicazione e i media, la produzione italiana, tanto apprezzata nel mondo. I prossimi appuntamenti con gli eventi del Condominio dell\u2019Arte, sono previsti per:<\/p>\n<p style=\"text-align: justify;\">&#8211; il 17 aprile con l\u2019evento e trasmissione tv \u201cIl Made in Italy \u00e8 la nostra passione\u201d a Itri, al Santuario della Madonna della Civita con la rappresentazione della Passione di Cristo, da parte dell\u2019associazione \u201cGiulio Cesare\u201d di Monte San Biagio\u201d; a Roma, dal 6 al 19 maggio per gli Internazionali di Tennis; il 2 giugno, con un\u2019escursione a Ercolano organizzata dall\u2019Associazione Tempo Futuro onlus; sempre a giugno corso di ceramica a Itri; a Milano Marittima a luglio, con il \u201cVip Master\u201d e, a Fondi, dal 9 al 11 agosto, con uno stand e collaborazione, durante l\u2019evento del \u201cDrappo dell\u2019Assunta\u201d, a cura dell\u2019Associazione \u201cDi Contrade\u201d, abbinato al Progetto Modello italiano nel mondo\u00a0 \u2026<\/p>\n<p>&nbsp;<\/p>\n","protected":false},"excerpt":{"rendered":"<p>ITRI &#8211; L\u2019associazione Condominio dell\u2019Arte, di Itri, alla Bit di Milano, con l\u2019evento \u201cIl Made in\u00a0 Italy \u00e8 la nostra passione\u201d. Si tratta di un\u00a0format televisivo e un evento itinerante, che realizza la divulgazione della qualit\u00e0 italiana nel mondo, attraverso il Turismo, Arte, Cultura, Storia e intrattenimento. Il Progetto \u201cModello italiano nel mondo\u201d, creato dall\u2019imprenditore [&hellip;]<\/p>\n","protected":false},"author":60,"featured_media":0,"comment_status":"open","ping_status":"open","sticky":false,"template":"","format":"standard","meta":{"footnotes":""},"categories":[16],"tags":[],"class_list":["post-240583","post","type-post","status-publish","format-standard","hentry","category-appuntamenti"],"_links":{"self":[{"href":"https:\/\/www.radioluna.it\/news\/wp-json\/wp\/v2\/posts\/240583","targetHints":{"allow":["GET"]}}],"collection":[{"href":"https:\/\/www.radioluna.it\/news\/wp-json\/wp\/v2\/posts"}],"about":[{"href":"https:\/\/www.radioluna.it\/news\/wp-json\/wp\/v2\/types\/post"}],"author":[{"embeddable":true,"href":"https:\/\/www.radioluna.it\/news\/wp-json\/wp\/v2\/users\/60"}],"replies":[{"embeddable":true,"href":"https:\/\/www.radioluna.it\/news\/wp-json\/wp\/v2\/comments?post=240583"}],"version-history":[{"count":0,"href":"https:\/\/www.radioluna.it\/news\/wp-json\/wp\/v2\/posts\/240583\/revisions"}],"wp:attachment":[{"href":"https:\/\/www.radioluna.it\/news\/wp-json\/wp\/v2\/media?parent=240583"}],"wp:term":[{"taxonomy":"category","embeddable":true,"href":"https:\/\/www.radioluna.it\/news\/wp-json\/wp\/v2\/categories?post=240583"},{"taxonomy":"post_tag","embeddable":true,"href":"https:\/\/www.radioluna.it\/news\/wp-json\/wp\/v2\/tags?post=240583"}],"curies":[{"name":"wp","href":"https:\/\/api.w.org\/{rel}","templated":true}]}}