{"id":240604,"date":"2019-02-21T15:25:09","date_gmt":"2019-02-21T14:25:09","guid":{"rendered":"https:\/\/www.radioluna.it\/news\/?p=240604"},"modified":"2019-02-21T15:25:09","modified_gmt":"2019-02-21T14:25:09","slug":"stop-incarichi-al-ribasso-la-regione-approva-la-legge-mattia-la-penna","status":"publish","type":"post","link":"https:\/\/www.radioluna.it\/news\/2019\/02\/stop-incarichi-al-ribasso-la-regione-approva-la-legge-mattia-la-penna\/","title":{"rendered":"Stop incarichi al ribasso, la Regione approva la legge Mattia-La Penna"},"content":{"rendered":"<div id=\"fb-root\"><\/div>\n<p style=\"text-align: justify;\"><strong>LATINA &#8211;<\/strong>\u00a0Il Lazio dice stop agli incarichi al ribasso. La Commissione Lavoro, Formazione, Politiche Giovanili, Pari opportunit\u00e0 del Consiglio Regionale ha approvato la proposta di Legge, presentata ai consiglieri del Pd Eleonora Mattia e Salvatore La Penna, e sottoscritta da consiglieri di diverse formazioni politiche, per l&#8217;istituzione dell&#8217;equo compenso per i professionisti.<\/p>\n<p style=\"text-align: justify;\">&#8220;Una Legge che, nei limiti delle competenze regionali, &#8211; spiega il pontino La Penna &#8211;\u00a0introduce misure a tutela di un compenso giusto per le prestazioni professionali svolte in favore della Regione e delle sue societ\u00e0 controllate. Troppo spesso i professionisti, pur di lavorare, hanno subito esasperanti concorrenze al ribasso a discapito delle proprie finanze e della qualit\u00e0 della prestazione professionale erogata. Negli ultimi 10 anni i redditi dei liberi professionisti sono calati di circa il 20%. Ci\u00f2 \u00e8 stato determinato in parte dalla pesante crisi economica ma a tale flessione ha contribuito altres\u00ec la diffusa tendenza della Pubblica Amministrazione di affidare incarichi al ribasso.<\/p>\n<p style=\"text-align: justify;\">Nel Lazio abbiamo fatto la scelta importante di interrompere questa prassi. Lo abbiamo fatto confrontandoci con tutte le categorie professionali che ringrazio sentitamente per il contributo fattivo. Un ringraziamento speciale ed un plauso alla Presidente della Commissione Eleonora Mattia sia per il lavoro fondamentale svolto in sede di elaborazione e di stesura della proposta che per il modo in cui ha presieduto i lavori della Commissione. Un ringraziamento ai colleghi consiglieri della Commissione per la disponibilit\u00e0 ed il lavoro condiviso. Con\u00a0 la Regione Lazio, in prima fila per l&#8217;equit\u00e0, la valorizzazione delle competenze e ed il lavoro&#8221;.<\/p>\n<p>&nbsp;<\/p>\n","protected":false},"excerpt":{"rendered":"<p>LATINA &#8211;\u00a0Il Lazio dice stop agli incarichi al ribasso. La Commissione Lavoro, Formazione, Politiche Giovanili, Pari opportunit\u00e0 del Consiglio Regionale ha approvato la proposta di Legge, presentata ai consiglieri del Pd Eleonora Mattia e Salvatore La Penna, e sottoscritta da consiglieri di diverse formazioni politiche, per l&#8217;istituzione dell&#8217;equo compenso per i professionisti. &#8220;Una Legge che, [&hellip;]<\/p>\n","protected":false},"author":62,"featured_media":0,"comment_status":"open","ping_status":"open","sticky":false,"template":"","format":"standard","meta":{"footnotes":""},"categories":[8],"tags":[],"class_list":["post-240604","post","type-post","status-publish","format-standard","hentry","category-politica"],"_links":{"self":[{"href":"https:\/\/www.radioluna.it\/news\/wp-json\/wp\/v2\/posts\/240604","targetHints":{"allow":["GET"]}}],"collection":[{"href":"https:\/\/www.radioluna.it\/news\/wp-json\/wp\/v2\/posts"}],"about":[{"href":"https:\/\/www.radioluna.it\/news\/wp-json\/wp\/v2\/types\/post"}],"author":[{"embeddable":true,"href":"https:\/\/www.radioluna.it\/news\/wp-json\/wp\/v2\/users\/62"}],"replies":[{"embeddable":true,"href":"https:\/\/www.radioluna.it\/news\/wp-json\/wp\/v2\/comments?post=240604"}],"version-history":[{"count":0,"href":"https:\/\/www.radioluna.it\/news\/wp-json\/wp\/v2\/posts\/240604\/revisions"}],"wp:attachment":[{"href":"https:\/\/www.radioluna.it\/news\/wp-json\/wp\/v2\/media?parent=240604"}],"wp:term":[{"taxonomy":"category","embeddable":true,"href":"https:\/\/www.radioluna.it\/news\/wp-json\/wp\/v2\/categories?post=240604"},{"taxonomy":"post_tag","embeddable":true,"href":"https:\/\/www.radioluna.it\/news\/wp-json\/wp\/v2\/tags?post=240604"}],"curies":[{"name":"wp","href":"https:\/\/api.w.org\/{rel}","templated":true}]}}