{"id":241075,"date":"2019-02-28T12:07:02","date_gmt":"2019-02-28T11:07:02","guid":{"rendered":"https:\/\/www.radioluna.it\/news\/?p=241075"},"modified":"2019-02-28T12:07:02","modified_gmt":"2019-02-28T11:07:02","slug":"a-terracina-apre-lo-sportello-agricolo-di-zona","status":"publish","type":"post","link":"https:\/\/www.radioluna.it\/news\/2019\/02\/a-terracina-apre-lo-sportello-agricolo-di-zona\/","title":{"rendered":"A Terracina apre lo sportello agricolo di zona"},"content":{"rendered":"<div id=\"fb-root\"><\/div>\n<p style=\"text-align: justify;\"><strong>TERRACINA &#8211;<\/strong> Domani mattina, venerd\u00ec, alle 9.45, sar\u00e0 inaugurato lo Sportello Agricolo di Zona di Terracina, la cui ripresa era attesa da molto tempo ed \u00e8 stata fortemente voluta dall\u2019Assessore Agricoltura, Promozione della Filiera e della Cultura del Cibo, Ambiente e Risorse Naturali della Regione Lazio, Enrica Onorati. &#8220;C&#8217;era bisogno &#8211; spiega l&#8217;assessore Onorati- di un luogo ulteriore dove fornire supporto amministrativo agli operatori agricoli. \u00c8 importante l\u2019apertura a Terracina, localit\u00e0 baricentrica rispetto al territorio pontino e ricca di produzioni agricole e di realt\u00e0 imprenditoriali importanti per la provincia e per l\u2019intero territorio regionale. Un Comune, tra l&#8217;altro, fortemente provato dagli eventi calamitosi e dalle condizioni atmosferiche particolarmente avverse dei mesi scorsi. L\u2019apertura dello Sportello Agricolo di Zona rappresenta un servizio ulteriore per gli operatori del comparto agricolo e tale iniziativa incontra quel bisogno di sussidiariet\u00e0 e prossimit\u00e0 che gli agricoltori, giustamente, chiedono alle istituzioni\u201d.<\/p>\n","protected":false},"excerpt":{"rendered":"<p>TERRACINA &#8211; Domani mattina, venerd\u00ec, alle 9.45, sar\u00e0 inaugurato lo Sportello Agricolo di Zona di Terracina, la cui ripresa era attesa da molto tempo ed \u00e8 stata fortemente voluta dall\u2019Assessore Agricoltura, Promozione della Filiera e della Cultura del Cibo, Ambiente e Risorse Naturali della Regione Lazio, Enrica Onorati. &#8220;C&#8217;era bisogno &#8211; spiega l&#8217;assessore Onorati- di [&hellip;]<\/p>\n","protected":false},"author":60,"featured_media":0,"comment_status":"open","ping_status":"open","sticky":false,"template":"","format":"standard","meta":{"footnotes":""},"categories":[8],"tags":[],"class_list":["post-241075","post","type-post","status-publish","format-standard","hentry","category-politica"],"_links":{"self":[{"href":"https:\/\/www.radioluna.it\/news\/wp-json\/wp\/v2\/posts\/241075","targetHints":{"allow":["GET"]}}],"collection":[{"href":"https:\/\/www.radioluna.it\/news\/wp-json\/wp\/v2\/posts"}],"about":[{"href":"https:\/\/www.radioluna.it\/news\/wp-json\/wp\/v2\/types\/post"}],"author":[{"embeddable":true,"href":"https:\/\/www.radioluna.it\/news\/wp-json\/wp\/v2\/users\/60"}],"replies":[{"embeddable":true,"href":"https:\/\/www.radioluna.it\/news\/wp-json\/wp\/v2\/comments?post=241075"}],"version-history":[{"count":0,"href":"https:\/\/www.radioluna.it\/news\/wp-json\/wp\/v2\/posts\/241075\/revisions"}],"wp:attachment":[{"href":"https:\/\/www.radioluna.it\/news\/wp-json\/wp\/v2\/media?parent=241075"}],"wp:term":[{"taxonomy":"category","embeddable":true,"href":"https:\/\/www.radioluna.it\/news\/wp-json\/wp\/v2\/categories?post=241075"},{"taxonomy":"post_tag","embeddable":true,"href":"https:\/\/www.radioluna.it\/news\/wp-json\/wp\/v2\/tags?post=241075"}],"curies":[{"name":"wp","href":"https:\/\/api.w.org\/{rel}","templated":true}]}}