{"id":241194,"date":"2019-03-01T13:11:45","date_gmt":"2019-03-01T12:11:45","guid":{"rendered":"https:\/\/www.radioluna.it\/news\/?p=241194"},"modified":"2019-03-01T13:11:45","modified_gmt":"2019-03-01T12:11:45","slug":"gaeta-picchia-prima-don-giuseppe-poi-i-carabinieri-in-manette-un-41-enne","status":"publish","type":"post","link":"https:\/\/www.radioluna.it\/news\/2019\/03\/gaeta-picchia-prima-don-giuseppe-poi-i-carabinieri-in-manette-un-41-enne\/","title":{"rendered":"Gaeta, picchia prima Don Giuseppe poi i carabinieri, in manette un 41 enne"},"content":{"rendered":"<div id=\"fb-root\"><\/div>\n<p style=\"text-align: justify;\"><strong>GAETA &#8211;<\/strong> Ha aggredito senza nessun apparente motivo Don Giuseppe, il vicepresidente della Caritas Diocesana di Gaeta. I carabinieri hanno arrestato in flagranza di reato un 41enne del posto accusato di violenza e resistenza a pubblico ufficiale. La scena ieri pomeriggio presso l&#8217;Arcivescovado di Gaeta dove il sacerdote svolgeva le sue incombenze quando l&#8217;uomo si \u00e8 presentato negli uffici e\u00a0 lo ha aggredito. Subito \u00e8 scattato l&#8217;allarme e quando sono arrivati i carabinieri la scena si \u00e8 riapertura: i militari sono stati colpiti ripetutamente in pi\u00f9 parti prima di riuscire a bloccarlo. Accompagnato al pronto soccorso dal 118, l&#8217;uomo \u00e8 risultato fuori di s\u00e9 perch\u00e9 ubriaco. Ora si trova agli arresti domiciliari in attesa del processo per direttissima.<\/p>\n<div class=\"radio-posizionamento-telefono-in-articoli-dopo-il-contenuto-articolo radio-entity-placement\" id=\"radio-2761392398\"><div id=\"radio-1637552652\"><a href=\"https:\/\/grupporedi.it\/\" aria-label=\"Redi-Qr\"><img loading=\"lazy\" decoding=\"async\" src=\"https:\/\/www.radioluna.it\/news\/wp-content\/uploads\/2026\/03\/Redi-Qr.jpg\" alt=\"\"  srcset=\"https:\/\/www.radioluna.it\/news\/wp-content\/uploads\/2026\/03\/Redi-Qr.jpg 800w, https:\/\/www.radioluna.it\/news\/wp-content\/uploads\/2026\/03\/Redi-Qr-768x639.jpg 768w\" sizes=\"(max-width: 800px) 100vw, 800px\" width=\"300\" height=\"250\"   \/><\/a><\/div><\/div>","protected":false},"excerpt":{"rendered":"<p>GAETA &#8211; Ha aggredito senza nessun apparente motivo Don Giuseppe, il vicepresidente della Caritas Diocesana di Gaeta. I carabinieri hanno arrestato in flagranza di reato un 41enne del posto accusato di violenza e resistenza a pubblico ufficiale. La scena ieri pomeriggio presso l&#8217;Arcivescovado di Gaeta dove il sacerdote svolgeva le sue incombenze quando l&#8217;uomo si [&hellip;]<\/p>\n","protected":false},"author":62,"featured_media":233848,"comment_status":"open","ping_status":"open","sticky":false,"template":"","format":"standard","meta":{"footnotes":""},"categories":[7],"tags":[],"class_list":["post-241194","post","type-post","status-publish","format-standard","has-post-thumbnail","hentry","category-cronaca"],"_links":{"self":[{"href":"https:\/\/www.radioluna.it\/news\/wp-json\/wp\/v2\/posts\/241194","targetHints":{"allow":["GET"]}}],"collection":[{"href":"https:\/\/www.radioluna.it\/news\/wp-json\/wp\/v2\/posts"}],"about":[{"href":"https:\/\/www.radioluna.it\/news\/wp-json\/wp\/v2\/types\/post"}],"author":[{"embeddable":true,"href":"https:\/\/www.radioluna.it\/news\/wp-json\/wp\/v2\/users\/62"}],"replies":[{"embeddable":true,"href":"https:\/\/www.radioluna.it\/news\/wp-json\/wp\/v2\/comments?post=241194"}],"version-history":[{"count":0,"href":"https:\/\/www.radioluna.it\/news\/wp-json\/wp\/v2\/posts\/241194\/revisions"}],"wp:featuredmedia":[{"embeddable":true,"href":"https:\/\/www.radioluna.it\/news\/wp-json\/wp\/v2\/media\/233848"}],"wp:attachment":[{"href":"https:\/\/www.radioluna.it\/news\/wp-json\/wp\/v2\/media?parent=241194"}],"wp:term":[{"taxonomy":"category","embeddable":true,"href":"https:\/\/www.radioluna.it\/news\/wp-json\/wp\/v2\/categories?post=241194"},{"taxonomy":"post_tag","embeddable":true,"href":"https:\/\/www.radioluna.it\/news\/wp-json\/wp\/v2\/tags?post=241194"}],"curies":[{"name":"wp","href":"https:\/\/api.w.org\/{rel}","templated":true}]}}