{"id":241266,"date":"2019-03-02T08:37:37","date_gmt":"2019-03-02T07:37:37","guid":{"rendered":"https:\/\/www.radioluna.it\/news\/?p=241266"},"modified":"2019-03-02T08:37:37","modified_gmt":"2019-03-02T07:37:37","slug":"un-libro-su-teresa-noce-madre-costituente-e-autrice-dellarticolo-3-della-costituzione","status":"publish","type":"post","link":"https:\/\/www.radioluna.it\/news\/2019\/03\/un-libro-su-teresa-noce-madre-costituente-e-autrice-dellarticolo-3-della-costituzione\/","title":{"rendered":"Un libro su Teresa Noce, Madre Costituente e autrice dell&#8217;articolo 3 della Costituzione"},"content":{"rendered":"<div id=\"fb-root\"><\/div>\n<p>LATINA &#8211;\u00a0Luned\u00ec, 4 marzo alle 18 presso la sede del Centro Donna Lilith via Fratelli Bandiera, 34 \u2013 Latina sar\u00e0 presentato il libro \u201cRivoluzionaria Professionale \u2013 Autobiografia di una partigiana comunista\u201d di Teresa Noce.<\/p>\n<p style=\"text-align: justify;\">L\u2019incontro, nella settimana dell\u2019otto marzo &#8211; spiegano le organizzatrici &#8211;\u00a0 vuole essere una riflessione sull\u2019autobiografia, sulla testimonianza umana, sociale e politica, di una Madre Costituente, Teresa Noce, che ha lottato per i diritti delle donne, della libert\u00e0, della democrazia. Autrice dell\u2019articolo 3 della Costituzione che impose le basi per il raggiungimento, almeno, giuridico per la piena parit\u00e0 dei diritti uomo\/donna. Fu l\u2019antesignana della lotta delle donne per la parit\u00e0 di salario.\u00a0 Lotte ben lontane dall\u2019essersi concluse: da umile sartina a Madre Costituente della Repubblica italiana, passando per la fondazione del Partito Comunista italiano, partigiana nelle Brigate Internazionali, deportata nei \u201ccampi della morte\u201d di Ravensbr\u00fcck, sindacalista, deputata, giornalista, scrittrice\u2026<\/p>\n<p style=\"text-align: justify;\">Il libro (Ed. RedStarpress &#8211; pag.415 &#8211; \u20ac 22) che va al di l\u00e0 delle personali scelte politiche, \u00e8 una riflessione sulla vita di ideali, di lotta, di scelte, di assunzioni di responsabilit\u00e0 di donne, la cui vita \u00e8 pi\u00f9 attuale di quanto si possa immaginare. Nel libro di Teresa Noce, che attraversa quasi tutto il Novecento, sfilano tragedie mondiali e drammi personali, tragedie politiche e sociali ma \u00e8 anche una fonte inesauribile di coraggio che illumina la storia e si irradia fino ad oggi fino alla lettrice\/re. \u201cL\u2019esperienza di Teresa Noce. Un&#8217; esperienza \u2013 scrive Igor Papaleo, nella prefazione \u2013 che in pochi conoscono, nonostante il suo nome oggi titoli piazze e strade, si ritrovi in resoconti parlamentari e contratti sindacali, pubblicazioni politiche e tesi di laura. L\u2019esperienza di una donna che scelse di vivere in piedi e si organizz\u00f2 per farlo, trovando nel Partito comunista l\u2019opportunit\u00e0 e lo strumento della sua emancipazione\u201d.<\/p>\n<p>Interverranno: Maddalena Di Girolamo, Vice Presidente Centro Donna Lilith. Patrizia Amodio, insegnante e socia fondatrice del Centro Donna Lilith. Maria Grazia Delibato, prima donna letta consigliera comunale a Latina nelle file dell\u2019allora P.C.I. Anna Scalfati, giornalista e Presidente di GiULiA \u2013 Lazio . Cora Craus, giornalista e responsabile del Gruppo lettura Centro Donna Lilith. Franca Porcari e Luisella Benedetti, lettrici.<\/p>\n<p style=\"text-align: justify;\">Durante l\u2019incontro sar\u00e0 proiettato il docufilm \u201cRivoluzionaria di professione\u201d prodotto dalla webtv della CGIL della Lombardia. L&#8217;ingresso \u00e8 libero.<\/p>\n<p>&nbsp;<\/p>\n<p>&nbsp;<\/p>\n<div class=\"radio-posizionamento-telefono-in-articoli-dopo-il-contenuto-articolo radio-entity-placement\" id=\"radio-3171854789\"><div id=\"radio-1896328193\" style=\"width: 300px;height: 250px;\"><a href=\"https:\/\/www.icarspa.it\/auto\/usate\/latina\/\" aria-label=\"banner aprile icar new life &#8211; auto usate latina\"><img loading=\"lazy\" decoding=\"async\" src=\"https:\/\/www.radioluna.it\/news\/wp-content\/uploads\/2026\/02\/banner-aprile-icar-new-life-auto-usate-latina.gif\" alt=\"\"  width=\"300\" height=\"250\"   \/><\/a><\/div><\/div>","protected":false},"excerpt":{"rendered":"<p>LATINA &#8211;\u00a0Luned\u00ec, 4 marzo alle 18 presso la sede del Centro Donna Lilith via Fratelli Bandiera, 34 \u2013 Latina sar\u00e0 presentato il libro \u201cRivoluzionaria Professionale \u2013 Autobiografia di una partigiana comunista\u201d di Teresa Noce. L\u2019incontro, nella settimana dell\u2019otto marzo &#8211; spiegano le organizzatrici &#8211;\u00a0 vuole essere una riflessione sull\u2019autobiografia, sulla testimonianza umana, sociale e politica, [&hellip;]<\/p>\n","protected":false},"author":60,"featured_media":241267,"comment_status":"open","ping_status":"open","sticky":false,"template":"","format":"standard","meta":{"footnotes":""},"categories":[16],"tags":[],"class_list":["post-241266","post","type-post","status-publish","format-standard","has-post-thumbnail","hentry","category-appuntamenti"],"_links":{"self":[{"href":"https:\/\/www.radioluna.it\/news\/wp-json\/wp\/v2\/posts\/241266","targetHints":{"allow":["GET"]}}],"collection":[{"href":"https:\/\/www.radioluna.it\/news\/wp-json\/wp\/v2\/posts"}],"about":[{"href":"https:\/\/www.radioluna.it\/news\/wp-json\/wp\/v2\/types\/post"}],"author":[{"embeddable":true,"href":"https:\/\/www.radioluna.it\/news\/wp-json\/wp\/v2\/users\/60"}],"replies":[{"embeddable":true,"href":"https:\/\/www.radioluna.it\/news\/wp-json\/wp\/v2\/comments?post=241266"}],"version-history":[{"count":0,"href":"https:\/\/www.radioluna.it\/news\/wp-json\/wp\/v2\/posts\/241266\/revisions"}],"wp:featuredmedia":[{"embeddable":true,"href":"https:\/\/www.radioluna.it\/news\/wp-json\/wp\/v2\/media\/241267"}],"wp:attachment":[{"href":"https:\/\/www.radioluna.it\/news\/wp-json\/wp\/v2\/media?parent=241266"}],"wp:term":[{"taxonomy":"category","embeddable":true,"href":"https:\/\/www.radioluna.it\/news\/wp-json\/wp\/v2\/categories?post=241266"},{"taxonomy":"post_tag","embeddable":true,"href":"https:\/\/www.radioluna.it\/news\/wp-json\/wp\/v2\/tags?post=241266"}],"curies":[{"name":"wp","href":"https:\/\/api.w.org\/{rel}","templated":true}]}}