{"id":241316,"date":"2019-03-04T07:04:31","date_gmt":"2019-03-04T06:04:31","guid":{"rendered":"https:\/\/www.radioluna.it\/news\/?p=241316"},"modified":"2019-03-04T07:29:58","modified_gmt":"2019-03-04T06:29:58","slug":"due-incidenti-a-fondi-e-pontinia-domenica-tragica-sullappia-due-morti-e-un-ferito-grave","status":"publish","type":"post","link":"https:\/\/www.radioluna.it\/news\/2019\/03\/due-incidenti-a-fondi-e-pontinia-domenica-tragica-sullappia-due-morti-e-un-ferito-grave\/","title":{"rendered":"Due incidenti a Fondi e Pontinia, domenica tragica sull&#8217;Appia, due morti e un ferito grave"},"content":{"rendered":"<div id=\"fb-root\"><\/div>\n<p style=\"text-align: justify;\"><strong>PONTINIA<\/strong>\u00a0&#8211; Un ragazzo di 27 anni di Artena e un uomo di Fondi sono morti ieri in due diversi incidenti stradali avvenuti sull&#8217;Appia a Pontinia e nel sud Pontino. L&#8217;Anas ha chiuso la strada nel pomeriggio nel tratto che attraversa il Comune di Pontinia all&#8217;incrocio con la Migliara 53 dove un motociclista\u00a0 di 27 anni di Artena, Lorenzo Battistini in sella alla sua dueruote si \u00e8 scontrato con un&#8217;utilitaria. Ferita gravemente anche la ragazza che era in moto con la vittima: \u00e8 stata trasferita al San Camillo di Roma. L&#8217;arteria \u00e8 stata riaperta solo in serata.<\/p>\n<p style=\"text-align: justify;\"><strong>FONDI<\/strong> &#8211; L&#8217;altro incidente alle 9 del mattino quando il tir guidato da un uomo di Terracina ha travolto la bici guidata da un uomo di 53 anni di nazionalit\u00e0 albanese da qualche tempo residente nella zona. E&#8217; accaduto sull&#8217;Appia nel Comune di Fondi, lato Monte San Biagio. Il ciclista \u00e8 spirato poco dopo il suo arrivo al Goretti,<\/p>\n<div class=\"radio-posizionamento-telefono-in-articoli-dopo-il-contenuto-articolo radio-entity-placement\" id=\"radio-1080069476\"><div id=\"radio-2153205199\"><a href=\"https:\/\/www.simeoneceramiche.com\/\" aria-label=\"SIMEONE CERAMICHE GIF animata per radioluna_Tavola disegno 1 copia 2 (online-video-cutter.com)\"><img loading=\"lazy\" decoding=\"async\" src=\"https:\/\/www.radioluna.it\/news\/wp-content\/uploads\/2025\/05\/SIMEONE-CERAMICHE-GIF-animata-per-radioluna_Tavola-disegno-1-copia-2-online-video-cutter.com_.gif\" alt=\"\"  width=\"300\" height=\"250\"   \/><\/a><\/div><\/div>","protected":false},"excerpt":{"rendered":"<p>PONTINIA\u00a0&#8211; Un ragazzo di 27 anni di Artena e un uomo di Fondi sono morti ieri in due diversi incidenti stradali avvenuti sull&#8217;Appia a Pontinia e nel sud Pontino. L&#8217;Anas ha chiuso la strada nel pomeriggio nel tratto che attraversa il Comune di Pontinia all&#8217;incrocio con la Migliara 53 dove un motociclista\u00a0 di 27 anni [&hellip;]<\/p>\n","protected":false},"author":62,"featured_media":241333,"comment_status":"open","ping_status":"open","sticky":false,"template":"","format":"standard","meta":{"footnotes":""},"categories":[7],"tags":[],"class_list":["post-241316","post","type-post","status-publish","format-standard","has-post-thumbnail","hentry","category-cronaca"],"_links":{"self":[{"href":"https:\/\/www.radioluna.it\/news\/wp-json\/wp\/v2\/posts\/241316","targetHints":{"allow":["GET"]}}],"collection":[{"href":"https:\/\/www.radioluna.it\/news\/wp-json\/wp\/v2\/posts"}],"about":[{"href":"https:\/\/www.radioluna.it\/news\/wp-json\/wp\/v2\/types\/post"}],"author":[{"embeddable":true,"href":"https:\/\/www.radioluna.it\/news\/wp-json\/wp\/v2\/users\/62"}],"replies":[{"embeddable":true,"href":"https:\/\/www.radioluna.it\/news\/wp-json\/wp\/v2\/comments?post=241316"}],"version-history":[{"count":0,"href":"https:\/\/www.radioluna.it\/news\/wp-json\/wp\/v2\/posts\/241316\/revisions"}],"wp:featuredmedia":[{"embeddable":true,"href":"https:\/\/www.radioluna.it\/news\/wp-json\/wp\/v2\/media\/241333"}],"wp:attachment":[{"href":"https:\/\/www.radioluna.it\/news\/wp-json\/wp\/v2\/media?parent=241316"}],"wp:term":[{"taxonomy":"category","embeddable":true,"href":"https:\/\/www.radioluna.it\/news\/wp-json\/wp\/v2\/categories?post=241316"},{"taxonomy":"post_tag","embeddable":true,"href":"https:\/\/www.radioluna.it\/news\/wp-json\/wp\/v2\/tags?post=241316"}],"curies":[{"name":"wp","href":"https:\/\/api.w.org\/{rel}","templated":true}]}}