{"id":241908,"date":"2019-03-11T08:23:24","date_gmt":"2019-03-11T07:23:24","guid":{"rendered":"https:\/\/www.radioluna.it\/news\/?p=241908"},"modified":"2024-06-29T09:15:47","modified_gmt":"2024-06-29T07:15:47","slug":"daniele-nardi-e-tom-ballard-un-incidente-in-parete-ha-fermato-i-due-alpinisti-poteva-capitare-ovunque","status":"publish","type":"post","link":"https:\/\/www.radioluna.it\/news\/2019\/03\/daniele-nardi-e-tom-ballard-un-incidente-in-parete-ha-fermato-i-due-alpinisti-poteva-capitare-ovunque\/","title":{"rendered":"Daniele Nardi e Tom Ballard, un incidente in parete ha fermato i due alpinisti. &#8220;Poteva capitare ovunque&#8221;"},"content":{"rendered":"<div id=\"fb-root\"><\/div>\n<p style=\"text-align: justify;\"><strong>LATINA<\/strong> &#8211; Un incidente in parete di cui \u00e8 ancora difficile dire con esattezza le cause. Forse qualcosa di simile ai due gi\u00e0 capitati a Daniele Nardi sul Nanga Parbat, stavolta con un esito fatale. Non una valanga. Non il distacco di un grosso pezzo di ghiaccio. L&#8217;ipotesi pi\u00f9 accreditata sulla tragica morte dell&#8217;alpinista di Sezze e di Tom Ballard, i cui corpi giacciono sul Nanga Parbat a 5900 metri di quota 400 metri pi\u00f9 in basso rispetto alla posizione fornita da Nardi dopo l&#8217;ultima segnalazione domenica 23 febbraio, \u00e8 che sia accaduto qualcosa mentre i due si arrampicavano, un incidente &#8220;come quelli che possono capitare su qualsiasi montagna del mondo, comprese le Alpi e gli Appennini&#8221;, <a href=\"https:\/\/www.radioluna.it\/news\/2019\/03\/daniele-nardi-e-quello-spirito-dei-grandi-pionieri\/\">sottolinea il metereologo della spedizione\u00a0 Filippo Thiery.<\/a><\/p>\n<p style=\"text-align: justify;\">Una caduta che non ha lasciato scampo ai due esperti alpinisti e contro cui nulla ha potuto la prudente e meticolosa pianificazione di Nardi che certamente non voleva rischiare la sua vita e tantomeno quella del collega trentenne che aveva coinvolto nella spedizione.<\/p>\n<p style=\"text-align: justify;\">I corpi\u00a0 &#8211; come \u00e8 ormai noto &#8211;\u00a0 sono stati localizzati grazie al competente e non scontato impegno di Alex Txikon che con il telescopio ha localizzato la macchia rossa dell&#8217;equipaggiamento di Daniele; poco pi\u00f9 in basso quella azzurra di Tom e, non distante, la loro tenda. L&#8217;impossibilit\u00e0 di effettuare una ricognizione ravvicinata con gli elicotteri non ha consentito per\u00f2 di avere altre certezze oltre quelle che l&#8217;esperienza e l&#8217;immagine scattata suggeriscono.<\/p>\n<p style=\"text-align: justify;\"><img loading=\"lazy\" decoding=\"async\" class=\"alignnone size-full wp-image-241915 aligncenter\" src=\"https:\/\/www.radioluna.it\/news\/wp-content\/uploads\/2019\/03\/corpi-nardi-e-ballard.jpg\" alt=\"\" width=\"585\" height=\"400\" srcset=\"https:\/\/www.radioluna.it\/news\/wp-content\/uploads\/2019\/03\/corpi-nardi-e-ballard.jpg 585w, https:\/\/www.radioluna.it\/news\/wp-content\/uploads\/2019\/03\/corpi-nardi-e-ballard-300x205.jpg 300w\" sizes=\"auto, (max-width: 585px) 100vw, 585px\" \/>Ed \u00e8 proprio l&#8217;alpinista basco che ha guidato il gruppo di ricerca, tornato ora sulla seconda montagna\u00a0 pi\u00f9 alta della Terra, il K2, per riprendere la sua spedizione in invernale, a offrire qualche speranza sulla possibilit\u00e0 di recuperare i corpi, una decisione che spetter\u00e0 comunque alle famiglie me che dovr\u00e0 essere eventualmente organizzata dagli elicotteri militari pakistani. Tutti noi che abbiamo voluto bene a Daniele e lo abbiamo seguito e stimato, ad Alex e al suo gruppo dobbiamo molto. Le condizioni in cui hanno operato nella speranza di poter ritrovare i loro colleghi, sono estreme, i rischi esistenti elevati, e avevano un&#8217;altra missione da compiere, la loro. Ma non si sono tirati indietro e ce l&#8217;hanno messa tutta.<\/p>\n<p style=\"text-align: justify;\">LA TARGA &#8211; Per ora\u00a0 un momento di raccoglimento\u00a0 in ricordo di Daniele Nardi e Tom Ballard sono stati osservati in una cerimonia al Campo Base con i portatori e con la squadra di soccorritori, una\u00a0 cerimonia che ha chiuso per sempre la spedizione 2019 Nanga Parbat Winter Expedition per raggiungere la vetta nella stagione pi\u00f9 fredda passando dal pericolosissimo Sperone Mummery e aprendo una nuova via. Ne rester\u00e0 memoria in\u00a0una targa sulla roccia.<\/p>\n<p style=\"text-align: justify;\">\n<div class=\"radio-posizionamento-telefono-in-articoli-dopo-il-contenuto-articolo radio-entity-placement\" id=\"radio-2276575228\"><div id=\"radio-634055155\" style=\"width: 300px;height: 250px;\"><a href=\"https:\/\/www.icarspa.it\/auto\/usate\/latina\/\" aria-label=\"banner aprile icar new life &#8211; auto usate latina\"><img loading=\"lazy\" decoding=\"async\" src=\"https:\/\/www.radioluna.it\/news\/wp-content\/uploads\/2026\/02\/banner-aprile-icar-new-life-auto-usate-latina.gif\" alt=\"\"  width=\"300\" height=\"250\"   \/><\/a><\/div><\/div>","protected":false},"excerpt":{"rendered":"<p>LATINA &#8211; Un incidente in parete di cui \u00e8 ancora difficile dire con esattezza le cause. Forse qualcosa di simile ai due gi\u00e0 capitati a Daniele Nardi sul Nanga Parbat, stavolta con un esito fatale. Non una valanga. Non il distacco di un grosso pezzo di ghiaccio. L&#8217;ipotesi pi\u00f9 accreditata sulla tragica morte dell&#8217;alpinista di [&hellip;]<\/p>\n","protected":false},"author":62,"featured_media":241913,"comment_status":"open","ping_status":"open","sticky":false,"template":"","format":"standard","meta":{"footnotes":""},"categories":[7],"tags":[],"class_list":["post-241908","post","type-post","status-publish","format-standard","has-post-thumbnail","hentry","category-cronaca"],"_links":{"self":[{"href":"https:\/\/www.radioluna.it\/news\/wp-json\/wp\/v2\/posts\/241908","targetHints":{"allow":["GET"]}}],"collection":[{"href":"https:\/\/www.radioluna.it\/news\/wp-json\/wp\/v2\/posts"}],"about":[{"href":"https:\/\/www.radioluna.it\/news\/wp-json\/wp\/v2\/types\/post"}],"author":[{"embeddable":true,"href":"https:\/\/www.radioluna.it\/news\/wp-json\/wp\/v2\/users\/62"}],"replies":[{"embeddable":true,"href":"https:\/\/www.radioluna.it\/news\/wp-json\/wp\/v2\/comments?post=241908"}],"version-history":[{"count":1,"href":"https:\/\/www.radioluna.it\/news\/wp-json\/wp\/v2\/posts\/241908\/revisions"}],"predecessor-version":[{"id":355449,"href":"https:\/\/www.radioluna.it\/news\/wp-json\/wp\/v2\/posts\/241908\/revisions\/355449"}],"wp:featuredmedia":[{"embeddable":true,"href":"https:\/\/www.radioluna.it\/news\/wp-json\/wp\/v2\/media\/241913"}],"wp:attachment":[{"href":"https:\/\/www.radioluna.it\/news\/wp-json\/wp\/v2\/media?parent=241908"}],"wp:term":[{"taxonomy":"category","embeddable":true,"href":"https:\/\/www.radioluna.it\/news\/wp-json\/wp\/v2\/categories?post=241908"},{"taxonomy":"post_tag","embeddable":true,"href":"https:\/\/www.radioluna.it\/news\/wp-json\/wp\/v2\/tags?post=241908"}],"curies":[{"name":"wp","href":"https:\/\/api.w.org\/{rel}","templated":true}]}}