{"id":242039,"date":"2019-03-12T10:31:34","date_gmt":"2019-03-12T09:31:34","guid":{"rendered":"https:\/\/www.radioluna.it\/news\/?p=242039"},"modified":"2019-03-14T16:30:55","modified_gmt":"2019-03-14T15:30:55","slug":"premio-sublimitas-2019-alla-dirigente-annunziata-marciano-del-pollione-di-formia","status":"publish","type":"post","link":"https:\/\/www.radioluna.it\/news\/2019\/03\/premio-sublimitas-2019-alla-dirigente-annunziata-marciano-del-pollione-di-formia\/","title":{"rendered":"Premio \u201cSublimitas\u201d 2019 alla dirigente Annunziata Marciano del Pollione di Formia"},"content":{"rendered":"<div id=\"fb-root\"><\/div>\n<p style=\"text-align: justify;\"><strong>FORMIA &#8211;\u00a0<\/strong> Annunziata Marciano, dirigente scolastica dell\u2019Istituto Comprensivo Vitruvio Pollione di Formia \u00e8 stata insignita del Premio \u201cSublimitas\u201d 2019, alto riconoscimento alla carriera.\u00a0L\u2019ambito riconoscimento viene assegnato dalla FIBES, La Federazione Italiana Ballo e Spettacolo presieduta da Peppino Colarusso, da ormai vent\u2019anni, per valorizzare le eccellenze meridionali.\u00a0La premiazione dell\u2019edizione di quest\u2019anno, dedicata alla legalit\u00e0,\u00a0 si \u00e8 tenuta sabato 9 marzo presso il Park Hotel di Ariano Irpino.<\/p>\n<p style=\"text-align: justify;\">Annunziata Marciano, gi\u00e0 dirigente scolastico della Direzione Didattica Statale 1\u00b0 Circolo di Formia dal 01 settembre 2007 al 31 agosto 2014, nonch\u00e9 Dirigente scolastico reggente presso l\u2019IIS \u201cE. Fermi\u201d di Formia nell\u2019 a.s. 2015\/2016. \u00c8 Dirigente dell\u2019Istituto capofila individuato come Scuola Polo per la Rete di Ambito 24 e per la Formazione in Provincia di Latina e Dirigente Componente dei Nuclei per la Valutazione dei Dirigenti Scolastici per il triennio 2016-2019. Ha interesse e svolge attivit\u00e0 scientifica di ricerca, in convegni universitari, come cultore di materia. Annovera numerose partecipazioni a seminari e convegni in qualit\u00e0 di esperta relatrice, docente e dirigente. L\u20198 marzo del 2010 le \u00e8 stato conferito il premio \u201cAnna Dolce Celletti\u201d, il premio ideato e organizzato dalla sezione del Golfo di Gaeta di Italia Nostra in collaborazione con il Comune di Formia e la Fidapa di Formia-Gaeta-Minturno e riservato a donne pontine che si siano particolarmente distinte per la loro attivit\u00e0.\u00a0Numerose le sue pubblicazioni tra libri, saggi, articoli su riviste, recensioni e report.<\/p>\n<p style=\"text-align: justify;\">Attualmente dirige l\u2019Istituto Comprensivo V. Pollione di Formia che nasce dalla fusione delle Scuole del preesistente Istituto Comprensivo \u00abV. Pollione\u00bb e le Scuole Primarie e dell\u2019Infanzia di Maranola e \u00abDe Amicis\u00bb della Direzione Didattica 1\u00b0 Circolo e le Scuole Primarie e dell\u2019Infanzia di Penitro della Direzione Didattica 2\u00b0Circolo. Una scuola che, in seguito al trasferimento a Formia di molti nuclei familiari provenienti in gran parte dalla Campania, ma anche dalle province di Frosinone e Isernia, presenta una realt\u00e0 sociale complessa e articolata, con ragazzi che provengono da famiglie con diverse possibilit\u00e0 economiche, livello culturale, patrimonio di tradizioni.<\/p>\n<p style=\"text-align: justify;\">\u201cOrgogliosa del riconoscimento ricevuto che ha una collocazione internazionale, sotto\u00a0 il patrocinio della Presidenza\u00a0 della Repubblica e che da anni \u00e8 stato sempre attribuito a personalit\u00e0 di alto livello\u201d \u2013 ha dichiarato Annunziata Marciano .<\/p>\n<p style=\"text-align: justify;\">\u201cLa soddisfazione \u00e8 ancora pi\u00f9 forte- ha aggiunto &#8211; in quanto \u00e8 sottolineata l&#8217;importanza dell&#8217;azione dei dirigenti scolastici che devono fronteggiare quotidianamente una pluralit\u00e0 di emergenze valorizzando e sostenendo la legalit\u00e0 con abnegazione. \u00c8 sottolineato cos\u00ec anche l&#8217;aspetto della qualit\u00e0 formativa dell&#8217;IC Pollione di Formia e dell&#8217;impegno che i docenti, il personale scolastico,\u00a0 le famiglie,\u00a0 la comunit\u00e0 di vita quotidianamente esprimono affrontando positivamente ogni problematicit\u00e0 in collaborazione con ogni mia azione\u201d.<\/p>\n<p style=\"text-align: justify;\">La dirigente ringrazia il presidente della FIBES, dottor Colarusso e a Fabio Pedagna per il riconoscimento ricevuto che condivide con tutte le componenti del suo istituto,\u00a0 gli alunni e i genitori.<\/p>\n<div class=\"radio-posizionamento-telefono-in-articoli-dopo-il-contenuto-articolo radio-entity-placement\" id=\"radio-3190488250\"><div id=\"radio-3746474101\"><a href=\"https:\/\/grupporedi.it\/\" aria-label=\"Redi-Qr\"><img loading=\"lazy\" decoding=\"async\" src=\"https:\/\/www.radioluna.it\/news\/wp-content\/uploads\/2026\/03\/Redi-Qr.jpg\" alt=\"\"  srcset=\"https:\/\/www.radioluna.it\/news\/wp-content\/uploads\/2026\/03\/Redi-Qr.jpg 800w, https:\/\/www.radioluna.it\/news\/wp-content\/uploads\/2026\/03\/Redi-Qr-768x639.jpg 768w\" sizes=\"(max-width: 800px) 100vw, 800px\" width=\"300\" height=\"250\"   \/><\/a><\/div><\/div>","protected":false},"excerpt":{"rendered":"<p>FORMIA &#8211;\u00a0 Annunziata Marciano, dirigente scolastica dell\u2019Istituto Comprensivo Vitruvio Pollione di Formia \u00e8 stata insignita del Premio \u201cSublimitas\u201d 2019, alto riconoscimento alla carriera.\u00a0L\u2019ambito riconoscimento viene assegnato dalla FIBES, La Federazione Italiana Ballo e Spettacolo presieduta da Peppino Colarusso, da ormai vent\u2019anni, per valorizzare le eccellenze meridionali.\u00a0La premiazione dell\u2019edizione di quest\u2019anno, dedicata alla legalit\u00e0,\u00a0 si \u00e8 [&hellip;]<\/p>\n","protected":false},"author":60,"featured_media":0,"comment_status":"open","ping_status":"open","sticky":false,"template":"","format":"standard","meta":{"footnotes":""},"categories":[248],"tags":[],"class_list":["post-242039","post","type-post","status-publish","format-standard","hentry","category-istruzione"],"_links":{"self":[{"href":"https:\/\/www.radioluna.it\/news\/wp-json\/wp\/v2\/posts\/242039","targetHints":{"allow":["GET"]}}],"collection":[{"href":"https:\/\/www.radioluna.it\/news\/wp-json\/wp\/v2\/posts"}],"about":[{"href":"https:\/\/www.radioluna.it\/news\/wp-json\/wp\/v2\/types\/post"}],"author":[{"embeddable":true,"href":"https:\/\/www.radioluna.it\/news\/wp-json\/wp\/v2\/users\/60"}],"replies":[{"embeddable":true,"href":"https:\/\/www.radioluna.it\/news\/wp-json\/wp\/v2\/comments?post=242039"}],"version-history":[{"count":0,"href":"https:\/\/www.radioluna.it\/news\/wp-json\/wp\/v2\/posts\/242039\/revisions"}],"wp:attachment":[{"href":"https:\/\/www.radioluna.it\/news\/wp-json\/wp\/v2\/media?parent=242039"}],"wp:term":[{"taxonomy":"category","embeddable":true,"href":"https:\/\/www.radioluna.it\/news\/wp-json\/wp\/v2\/categories?post=242039"},{"taxonomy":"post_tag","embeddable":true,"href":"https:\/\/www.radioluna.it\/news\/wp-json\/wp\/v2\/tags?post=242039"}],"curies":[{"name":"wp","href":"https:\/\/api.w.org\/{rel}","templated":true}]}}