{"id":242071,"date":"2019-03-12T18:32:07","date_gmt":"2019-03-12T17:32:07","guid":{"rendered":"https:\/\/www.radioluna.it\/news\/?p=242071"},"modified":"2019-03-14T16:29:40","modified_gmt":"2019-03-14T15:29:40","slug":"no-bulli-in-campo-anche-la-serie-a-con-lazio-roma-e-frosinone","status":"publish","type":"post","link":"https:\/\/www.radioluna.it\/news\/2019\/03\/no-bulli-in-campo-anche-la-serie-a-con-lazio-roma-e-frosinone\/","title":{"rendered":"No Bulli, in campo anche la serie A con Lazio, Roma e Frosinone"},"content":{"rendered":"<div id=\"fb-root\"><\/div>\n<p style=\"text-align: justify;\"><strong>LATINA\u00a0<\/strong> &#8211;\u00a0 Le squadre di calcio di serie A del Lazio giocano contro i bulli. Si chiama \u201cNo Bulli\u201d la campagna di prevenzione e contrasto al bullismo e al cyberbullismo, lanciata dal vicepresidente del Consiglio regionale del Lazio, Giuseppe Cangemi e dal Garante dell\u2019infanzia e dell\u2019adolescenza della Regione Lazio, Jacopo Marzetti, alla quale hanno aderito As Roma, Ss Lazio e Frosinone Calcio<\/p>\n<p style=\"text-align: justify;\">\u201cOggi \u00e8 un momento importante \u2013 ha detto Giuseppe Cangemi \u2013 un momento di condivisione istituzionale tra le societ\u00e0 sportive e la Regione Lazio, cui seguiranno una serie di iniziative e di progetti, fino a prevedere che i ragazzi delle tre societ\u00e0 giocheranno con un adesivo sulle maglie con la scritta \u2018No bulli\u2019. Ognuno con i propri colori sociali, ma condividendo uno slogan e degli ideali importanti\u201d. Dopo aver ricordato che il Lazio \u00e8 stata una delle prime regioni italiane ad approvare una legge per contrastare il fenomeno del bullismo e del cyberbullismo, Cangemi ha sottolineato che \u201cl\u2019obiettivo di questi progetti \u00e8 far s\u00ec che le societ\u00e0 sportive siano al fianco delle istituzioni in questa lotta di contrasto al fenomeno del bullismo\u201d.<\/p>\n<p style=\"text-align: justify;\">\u201cLe istituzioni sono vicine ai ragazzi e cercano di fare tutto il possibile \u2013 ha detto \u2013 ma sicuramente il messaggio che date voi \u00e8 molto pi\u00f9 importante. Il bullismo \u00e8 una piaga della nostra societ\u00e0 e dobbiamo contrastarlo con tutte le nostre forze\u201d, ha sottolineato l&#8217;avvocato Jacopo Marzetti, Garante dell\u2019infanzia e dell\u2019adolescenza della Regione Lazio, rivolgendosi ai campioni presenti in sala Mechelli.<\/p>\n<p style=\"text-align: justify;\">Alla presentazione hanno partecipato\u00a0 il presidente della Ss Lazio, Claudio Lotito, il vicepresidente dell\u2019As Roma, Mauro Baldissoni, il direttore del Frosinone Calcio, Salvatore Gualtieri e i calciatori testimonial della campagna: Ciro Immobile (Lazio), Alessandro Florenzi (Roma) e Daniel Ciofani (Frosinone).\u00a0Presenti anche tantissime giovani calciatrici e giovani calciatori delle tre societ\u00e0, nonch\u00e9 le ragazze della \u201cAcqua e sapone Roma Volley group\u201d, societ\u00e0 di pallavolo della serie A2, la prima a essere definita \u201cdebullizzata\u201d, come ha spiegato il vice presidente Cangemi in apertura del convegno.<\/p>\n<p style=\"text-align: justify;\">\n<div class=\"radio-posizionamento-telefono-in-articoli-dopo-il-contenuto-articolo radio-entity-placement\" id=\"radio-2331485461\"><div id=\"radio-1165266711\"><a href=\"https:\/\/grupporedi.it\/\" aria-label=\"Redi-Qr\"><img loading=\"lazy\" decoding=\"async\" src=\"https:\/\/www.radioluna.it\/news\/wp-content\/uploads\/2026\/03\/Redi-Qr.jpg\" alt=\"\"  srcset=\"https:\/\/www.radioluna.it\/news\/wp-content\/uploads\/2026\/03\/Redi-Qr.jpg 800w, https:\/\/www.radioluna.it\/news\/wp-content\/uploads\/2026\/03\/Redi-Qr-768x639.jpg 768w\" sizes=\"(max-width: 800px) 100vw, 800px\" width=\"300\" height=\"250\"   \/><\/a><\/div><\/div>","protected":false},"excerpt":{"rendered":"<p>LATINA\u00a0 &#8211;\u00a0 Le squadre di calcio di serie A del Lazio giocano contro i bulli. Si chiama \u201cNo Bulli\u201d la campagna di prevenzione e contrasto al bullismo e al cyberbullismo, lanciata dal vicepresidente del Consiglio regionale del Lazio, Giuseppe Cangemi e dal Garante dell\u2019infanzia e dell\u2019adolescenza della Regione Lazio, Jacopo Marzetti, alla quale hanno aderito [&hellip;]<\/p>\n","protected":false},"author":60,"featured_media":242097,"comment_status":"open","ping_status":"open","sticky":false,"template":"","format":"standard","meta":{"footnotes":""},"categories":[17],"tags":[],"class_list":["post-242071","post","type-post","status-publish","format-standard","has-post-thumbnail","hentry","category-sport"],"_links":{"self":[{"href":"https:\/\/www.radioluna.it\/news\/wp-json\/wp\/v2\/posts\/242071","targetHints":{"allow":["GET"]}}],"collection":[{"href":"https:\/\/www.radioluna.it\/news\/wp-json\/wp\/v2\/posts"}],"about":[{"href":"https:\/\/www.radioluna.it\/news\/wp-json\/wp\/v2\/types\/post"}],"author":[{"embeddable":true,"href":"https:\/\/www.radioluna.it\/news\/wp-json\/wp\/v2\/users\/60"}],"replies":[{"embeddable":true,"href":"https:\/\/www.radioluna.it\/news\/wp-json\/wp\/v2\/comments?post=242071"}],"version-history":[{"count":0,"href":"https:\/\/www.radioluna.it\/news\/wp-json\/wp\/v2\/posts\/242071\/revisions"}],"wp:featuredmedia":[{"embeddable":true,"href":"https:\/\/www.radioluna.it\/news\/wp-json\/wp\/v2\/media\/242097"}],"wp:attachment":[{"href":"https:\/\/www.radioluna.it\/news\/wp-json\/wp\/v2\/media?parent=242071"}],"wp:term":[{"taxonomy":"category","embeddable":true,"href":"https:\/\/www.radioluna.it\/news\/wp-json\/wp\/v2\/categories?post=242071"},{"taxonomy":"post_tag","embeddable":true,"href":"https:\/\/www.radioluna.it\/news\/wp-json\/wp\/v2\/tags?post=242071"}],"curies":[{"name":"wp","href":"https:\/\/api.w.org\/{rel}","templated":true}]}}