{"id":242397,"date":"2019-03-18T09:49:11","date_gmt":"2019-03-18T08:49:11","guid":{"rendered":"https:\/\/www.radioluna.it\/news\/?p=242397"},"modified":"2019-03-18T09:49:52","modified_gmt":"2019-03-18T08:49:52","slug":"buche-a-latina-matilde-celentano-fdi-al-comune-questione-di-sicurezza-e-di-salute-pubblica","status":"publish","type":"post","link":"https:\/\/www.radioluna.it\/news\/2019\/03\/buche-a-latina-matilde-celentano-fdi-al-comune-questione-di-sicurezza-e-di-salute-pubblica\/","title":{"rendered":"Buche a Latina, Matilde Celentano (FdI) al Comune: &#8220;Questione di sicurezza e di salute pubblica&#8221;"},"content":{"rendered":"<div id=\"fb-root\"><\/div>\n<p style=\"text-align: justify;\"><strong>LATINA &#8211;<\/strong> &#8220;Condivido la disperazione degli automobilisti e sono molto preoccupata per l\u2019aumento degli incidenti e dei traumi causati dal pessimo stato delle nostre strade. Il problema che investe il centro e anche le periferie \u00e8 questione di sicurezza e di salute pubblica&#8221;. La consigliera comunale di Latina di Fratelli D&#8217;Italia, Matilde Celentano torna sulla questione buche e invoca l&#8217;articolo\u00a014 del Codice della Strada che recita: &#8220;Gli enti proprietari delle strade, allo scopo di garantire la sicurezza e la fluidit\u00e0 della circolazione, provvedono: a) alla manutenzione, gestione e pulizia delle strade, delle loro pertinenze e arredo, nonch\u00e9 delle attrezzature, impianti e servizi;\u00a0b) al controllo tecnico dell&#8217;efficienza delle strade e relative pertinenze;\u00a0c) alla apposizione e manutenzione della segnaletica prescritta&#8221;.<\/p>\n<p style=\"text-align: justify;\">&#8220;Dunque &#8211;\u00a0 scrive Celentano in una nota &#8211; l\u2019ente proprietario delle strade di Latina \u00e8 il Comune di Latina e il sindaco \u00e8 responsabile della sicurezza dei cittadini e della loro salute, deve tutelare la pubblica incolumit\u00e0. Abbiamo un sindaco che \u00e8 anche un medico, quindi doppiamente investito dal tema della salute. Anche io sono un medico, per giunta fisiatra, e nell\u2019ambito del mio lavoro mi sto rendendo conto dell\u2019incidenza del problema buche sugli infortuni\u2026 che per altro non fanno bene neanche ai conti della sanit\u00e0. Invito a riflettere su quanto costeranno i traumi da buca nei prossimi anni anche per le casse del Comune che si ritrover\u00e0 a risarcire gli infortunati&#8221;.<\/p>\n<p style=\"text-align: justify;\">FONDI INSUFFICIENTI &#8211; Secondo la consigliera non bastano i fondi che saranno stanziati con il bilancio (comunque dieci volte superiori a quelli della precedente Amministrazione eletta, ndr): &#8220;Gianmarco Proietti, assessore al Bilancio, ha dichiarato che nell\u2019anno in corso 5,7 milioni di euro saranno destinati alle strade. La somma dovrebbe aggiungersi ai precedenti 500mila euro svincolati a fine 2018 e ad altri due milioni di euro stanziati per l\u2019accordo quadro in corso per interventi di manutenzione. Bene, benissimo, ma non basta&#8230;..\u00a0E poi non ci sono solo le buche, c\u2019\u00e8 il manto stradale che non tiene pi\u00f9, strade distrutte dalle radici degli alberi, strade impercorribili.deve trovare una soluzione migliore e rapida. E\u2019 un\u2019emergenza e come tale va affrontata senza ricorrere soltanto alle toppe. E\u2019 necessaria una mobilitazione&#8221;.<\/p>\n<p style=\"text-align: justify;\">RICHIAMO A SINDACO E REGIONE &#8211; Il richiamo \u00e8 direttamente al sindaco di Latina Damiano Coletta: &#8220;Sindaco, passi al setaccio tutti i bandi regionali, ministeriali ed europei, ingaggi un segugio in grado di fiutare la possibilit\u00e0 di scovare contributi per la messa in sicurezza delle nostre strade. Glielo chiedo a nome e per conto dei nostri concittadini. Sindaco, lei e la sua giunta da tempo siete politicamente in linea con Nicola Zingaretti, presidente della Regione Lazio. In provincia di Latina sono stati eletti cinque consiglieri regionali tra maggioranza e opposizione, si appelli a tutti, compreso al presidente, per risolvere il problema buche prima che ci finisca dentro. Un inciampo politico per il quale sarebbe difficile rialzarsi&#8221;.<\/p>\n<div class=\"radio-posizionamento-telefono-in-articoli-dopo-il-contenuto-articolo radio-entity-placement\" id=\"radio-3982105340\"><div id=\"radio-1317169998\"><a href=\"https:\/\/www.simeoneceramiche.com\/\" aria-label=\"SIMEONE CERAMICHE GIF animata per radioluna_Tavola disegno 1 copia 2 (online-video-cutter.com)\"><img loading=\"lazy\" decoding=\"async\" src=\"https:\/\/www.radioluna.it\/news\/wp-content\/uploads\/2025\/05\/SIMEONE-CERAMICHE-GIF-animata-per-radioluna_Tavola-disegno-1-copia-2-online-video-cutter.com_.gif\" alt=\"\"  width=\"300\" height=\"250\"   \/><\/a><\/div><\/div>","protected":false},"excerpt":{"rendered":"<p>LATINA &#8211; &#8220;Condivido la disperazione degli automobilisti e sono molto preoccupata per l\u2019aumento degli incidenti e dei traumi causati dal pessimo stato delle nostre strade. Il problema che investe il centro e anche le periferie \u00e8 questione di sicurezza e di salute pubblica&#8221;. La consigliera comunale di Latina di Fratelli D&#8217;Italia, Matilde Celentano torna sulla [&hellip;]<\/p>\n","protected":false},"author":60,"featured_media":242093,"comment_status":"open","ping_status":"open","sticky":false,"template":"","format":"standard","meta":{"footnotes":""},"categories":[8],"tags":[],"class_list":["post-242397","post","type-post","status-publish","format-standard","has-post-thumbnail","hentry","category-politica"],"_links":{"self":[{"href":"https:\/\/www.radioluna.it\/news\/wp-json\/wp\/v2\/posts\/242397","targetHints":{"allow":["GET"]}}],"collection":[{"href":"https:\/\/www.radioluna.it\/news\/wp-json\/wp\/v2\/posts"}],"about":[{"href":"https:\/\/www.radioluna.it\/news\/wp-json\/wp\/v2\/types\/post"}],"author":[{"embeddable":true,"href":"https:\/\/www.radioluna.it\/news\/wp-json\/wp\/v2\/users\/60"}],"replies":[{"embeddable":true,"href":"https:\/\/www.radioluna.it\/news\/wp-json\/wp\/v2\/comments?post=242397"}],"version-history":[{"count":0,"href":"https:\/\/www.radioluna.it\/news\/wp-json\/wp\/v2\/posts\/242397\/revisions"}],"wp:featuredmedia":[{"embeddable":true,"href":"https:\/\/www.radioluna.it\/news\/wp-json\/wp\/v2\/media\/242093"}],"wp:attachment":[{"href":"https:\/\/www.radioluna.it\/news\/wp-json\/wp\/v2\/media?parent=242397"}],"wp:term":[{"taxonomy":"category","embeddable":true,"href":"https:\/\/www.radioluna.it\/news\/wp-json\/wp\/v2\/categories?post=242397"},{"taxonomy":"post_tag","embeddable":true,"href":"https:\/\/www.radioluna.it\/news\/wp-json\/wp\/v2\/tags?post=242397"}],"curies":[{"name":"wp","href":"https:\/\/api.w.org\/{rel}","templated":true}]}}